{"id":257295,"date":"2019-11-27T12:22:00","date_gmt":"2019-11-27T11:22:00","guid":{"rendered":"https:\/\/www.radioluna.it\/news\/?p=257295"},"modified":"2019-11-28T05:35:42","modified_gmt":"2019-11-28T04:35:42","slug":"arrivata-in-piazza-del-popolo-la-teca-della-quarto-savona-cioffredi-latina-ha-gli-anticorpi-contro-la-criminalita","status":"publish","type":"post","link":"https:\/\/www.radioluna.it\/news\/2019\/11\/arrivata-in-piazza-del-popolo-la-teca-della-quarto-savona-cioffredi-latina-ha-gli-anticorpi-contro-la-criminalita\/","title":{"rendered":"Arrivata in Piazza del Popolo la teca della Quarto Savona. Cioffredi: &#8220;Latina ha gli anticorpi contro la criminalit\u00e0&#8221;"},"content":{"rendered":"<div id=\"fb-root\"><\/div>\n<p><img loading=\"lazy\" decoding=\"async\" class=\"alignnone size-full wp-image-257311 aligncenter\" src=\"https:\/\/www.radioluna.it\/news\/wp-content\/uploads\/2019\/11\/quarto-savona-telo.jpg\" alt=\"\" width=\"603\" height=\"652\" srcset=\"https:\/\/www.radioluna.it\/news\/wp-content\/uploads\/2019\/11\/quarto-savona-telo.jpg 603w, https:\/\/www.radioluna.it\/news\/wp-content\/uploads\/2019\/11\/quarto-savona-telo-277x300.jpg 277w\" sizes=\"auto, (max-width: 603px) 100vw, 603px\" \/><\/p>\n<p>(foto dal profilo Fb della consigliera comunale Marina Aramini)<\/p>\n<p style=\"text-align: justify;\"><strong>LATINA<\/strong> &#8211; &#8220;Latina \u00e8 una delle citt\u00e0 che ha reagito meglio e di pi\u00f9 alla presenza della criminalit\u00e0 organizzata, quindi, esporre qui, la teca della Quarto Savona, l&#8217;auto di scorta del giudice Falcone a bordo della quale viaggiavano tre agenti di polizia morti, rappresenta la testimonianza di una citt\u00e0 che ha gli anticorpi per il contrasto alle mafie&#8221;. Lo ha sottolineato Gianpiero Cioffredi\u00a0 presidente dell&#8217;Osservatorio per la legalit\u00e0 della Regione Lazio che oggi alle 15 parteciper\u00e0 alla cerimonia di inaugurazione dell&#8217;esposizione.<\/p>\n<audio class=\"wp-audio-shortcode\" id=\"audio-257295-1\" preload=\"none\" style=\"width: 100%;\" controls=\"controls\"><source type=\"audio\/mpeg\" src=\"https:\/\/www.radioluna.it\/news\/wp-content\/uploads\/2019\/11\/cioffredi-auto-di-scorta.mp3?_=1\" \/><a href=\"https:\/\/www.radioluna.it\/news\/wp-content\/uploads\/2019\/11\/cioffredi-auto-di-scorta.mp3\">https:\/\/www.radioluna.it\/news\/wp-content\/uploads\/2019\/11\/cioffredi-auto-di-scorta.mp3<\/a><\/audio>\n<p style=\"text-align: justify;\">A scoprire il telo alla presenza delle massime autorit\u00e0, sar\u00e0 la vedova di Antonio Montinaro, il caposcorta di Falcone morto a Capaci. E&#8217; lei che con coraggio ha voluto che quei resti diventassero un monumento viaggiante della lotta alla mafia: &#8220;Quella macchina non \u00e8 stata sconfitta dal tritolo della mafia, ma continua a girare l&#8217;Italia grazie alla determinazione della Polizia di Stato e di Tina Montinaro e rappresenta la forza incredibile di chi non si \u00e8 arreso alla strategia stragista di Cosa Nostra\u00a0 &#8211;\u00a0 aggiunge Cioffredi\u00a0 \u00a0&#8211;\u00a0 Per questo spero che saranno tanti a rendere omaggio a quella che \u00e8 una reliquia laica, perch\u00e9 ogni persona che la omagger\u00e0 aggiunger\u00e0 carburante affinch\u00e9 quella macchina continui il suo viaggio per l&#8217;Italia proprio come impegno e monito contro tutte le mafie&#8221;.<\/p>\n","protected":false},"excerpt":{"rendered":"<p>(foto dal profilo Fb della consigliera comunale Marina Aramini) LATINA &#8211; &#8220;Latina \u00e8 una delle citt\u00e0 che ha reagito meglio e di pi\u00f9 alla presenza della criminalit\u00e0 organizzata, quindi, esporre qui, la teca della Quarto Savona, l&#8217;auto di scorta del giudice Falcone a bordo della quale viaggiavano tre agenti di polizia morti, rappresenta la testimonianza [&hellip;]<\/p>\n","protected":false},"author":62,"featured_media":257296,"comment_status":"open","ping_status":"open","sticky":false,"template":"","format":"standard","meta":{"footnotes":""},"categories":[735,2310],"tags":[],"class_list":["post-257295","post","type-post","status-publish","format-standard","has-post-thumbnail","hentry","category-attualita","category-audio"],"_links":{"self":[{"href":"https:\/\/www.radioluna.it\/news\/wp-json\/wp\/v2\/posts\/257295","targetHints":{"allow":["GET"]}}],"collection":[{"href":"https:\/\/www.radioluna.it\/news\/wp-json\/wp\/v2\/posts"}],"about":[{"href":"https:\/\/www.radioluna.it\/news\/wp-json\/wp\/v2\/types\/post"}],"author":[{"embeddable":true,"href":"https:\/\/www.radioluna.it\/news\/wp-json\/wp\/v2\/users\/62"}],"replies":[{"embeddable":true,"href":"https:\/\/www.radioluna.it\/news\/wp-json\/wp\/v2\/comments?post=257295"}],"version-history":[{"count":0,"href":"https:\/\/www.radioluna.it\/news\/wp-json\/wp\/v2\/posts\/257295\/revisions"}],"wp:featuredmedia":[{"embeddable":true,"href":"https:\/\/www.radioluna.it\/news\/wp-json\/wp\/v2\/media\/257296"}],"wp:attachment":[{"href":"https:\/\/www.radioluna.it\/news\/wp-json\/wp\/v2\/media?parent=257295"}],"wp:term":[{"taxonomy":"category","embeddable":true,"href":"https:\/\/www.radioluna.it\/news\/wp-json\/wp\/v2\/categories?post=257295"},{"taxonomy":"post_tag","embeddable":true,"href":"https:\/\/www.radioluna.it\/news\/wp-json\/wp\/v2\/tags?post=257295"}],"curies":[{"name":"wp","href":"https:\/\/api.w.org\/{rel}","templated":true}]}}