{"id":257511,"date":"2019-12-01T06:35:46","date_gmt":"2019-12-01T05:35:46","guid":{"rendered":"https:\/\/www.radioluna.it\/news\/?p=257511"},"modified":"2020-09-29T17:37:58","modified_gmt":"2020-09-29T15:37:58","slug":"daniele-nardi-e-la-via-perfetta-che-lo-aveva-stregato-la-vita-e-lultima-discesa-di-notte-nel-racconto-di-alessandra-carati","status":"publish","type":"post","link":"https:\/\/www.radioluna.it\/news\/2019\/12\/daniele-nardi-e-la-via-perfetta-che-lo-aveva-stregato-la-vita-e-lultima-discesa-di-notte-nel-racconto-di-alessandra-carati\/","title":{"rendered":"Daniele Nardi e la Via Perfetta che lo aveva stregato. La vita e l&#8217;ultima discesa di notte nel racconto di Alessandra Carati"},"content":{"rendered":"<div id=\"fb-root\"><\/div>\n<p style=\"text-align: justify;\"><strong> LATINA<\/strong> &#8211; In un rifugio a forma di botte in Val Ferret, fu la prima volta da capospedizione per Daniele Nardi. Ragazzino di scuola media, nemmeno adolescente, era il maggiore di tre fratelli e dunque il pi\u00f9 esperto, e il bivacco spoglio trovato in alta montagna, l\u2019occasione perfetta per \u201cun\u2019avventura estrema di sopravvivenza\u201d. Il pap\u00e0 acconsent\u00ec; la mamma si sent\u00ec quasi svenire al pensiero; Daniele con Luigi di dieci anni e Claudio di otto ci trascorsero la notte da soli. Il resto \u00e8 storia. Anzi, \u00e8 la storia del primo alpinista nato sotto la linea del Po ad essere riuscito a scalare l\u2019Everest, il K2, e alcuni altri Ottomila, raccontata oggi da Alessandra Carati in La via Perfetta. Nanga Parbat: Sperone Mummery\u00a0 (ed\u00a0 Einaudi Stile Libero, 265 pagine, 17,50 euro).<\/p>\n<p style=\"text-align: justify;\"><strong>IL TESTAMENTO<\/strong> &#8211; \u201dSe non dovessi tornare dalla spedizione desidero che Alessandra continui a scrivere questo libro perch\u00e9 voglio che il mondo conosca la mia storia\u201d era stato il testamento. \u201cMa quando Daniele ha scritto quella e-mail davanti a me, nessuno dei due pensava \u00a0che ne avremmo davvero avuto bisogno. Quando poi mi sono trovata\u00a0 ad affrontare il fatto che questo mandato c\u2019era e che invece Daniele non c\u2019era pi\u00f9, mi sono chiesta quale poteva essere il modo per avvicinarmi alla sua vita ora che le premesse erano completamente ribaltate, perch\u00e9 questo progetto nasce quando Daniele era in vita\u201d, racconta oggi l\u2019autrice.<\/p>\n<audio class=\"wp-audio-shortcode\" id=\"audio-257511-1\" preload=\"none\" style=\"width: 100%;\" controls=\"controls\"><source type=\"audio\/mpeg\" src=\"https:\/\/www.radioluna.it\/news\/wp-content\/uploads\/2019\/11\/nardi-1.mp3?_=1\" \/><a href=\"https:\/\/www.radioluna.it\/news\/wp-content\/uploads\/2019\/11\/nardi-1.mp3\">https:\/\/www.radioluna.it\/news\/wp-content\/uploads\/2019\/11\/nardi-1.mp3<\/a><\/audio>\n<p style=\"text-align: justify;\"><strong>NON UN SUPEREROE<\/strong> &#8211; L\u2019esaltazione e la paura, il dolore per gli amici rimasti per sempre in montagna, il grande amore per Daniela, la famiglia, suo figlio Mattia che gli appare in sogno, l\u2019impresa che doveva consacrare\u00a0 il suo nome nella storia dell&#8217;alpinismo, fare di lui un esploratore dei nostri giorni, l\u2019incidente che ha interrotto tutto. \u201cNon volevamo fare un libro che fosse idilliaco, edulcorato. Volevamo raccontare che cosa muove una persona che si appresta ad affrontare una montagna come il Nanga Parbat in inverno. Non volevamo costruire l\u2019immagine di un supereroe, ma quella di un uomo con le sue paure, le sue debolezze, i suoi punti di forza. Daniele conosceva il rischio ed \u00e8 andato avanti con consapevolezza\u201d.<\/p>\n<audio class=\"wp-audio-shortcode\" id=\"audio-257511-2\" preload=\"none\" style=\"width: 100%;\" controls=\"controls\"><source type=\"audio\/mpeg\" src=\"https:\/\/www.radioluna.it\/news\/wp-content\/uploads\/2019\/11\/nardi-2.mp3?_=2\" \/><a href=\"https:\/\/www.radioluna.it\/news\/wp-content\/uploads\/2019\/11\/nardi-2.mp3\">https:\/\/www.radioluna.it\/news\/wp-content\/uploads\/2019\/11\/nardi-2.mp3<\/a><\/audio>\n<audio class=\"wp-audio-shortcode\" id=\"audio-257511-3\" preload=\"none\" style=\"width: 100%;\" controls=\"controls\"><source type=\"audio\/mpeg\" src=\"https:\/\/www.radioluna.it\/news\/wp-content\/uploads\/2019\/11\/nardi-22.mp3?_=3\" \/><a href=\"https:\/\/www.radioluna.it\/news\/wp-content\/uploads\/2019\/11\/nardi-22.mp3\">https:\/\/www.radioluna.it\/news\/wp-content\/uploads\/2019\/11\/nardi-22.mp3<\/a><\/audio>\n<p style=\"text-align: justify;\"><strong>L&#8217;INCIDENTE DI NOTTE<\/strong> &#8211; \u201cQuesto libro \u00e8 anche un viaggio di formazione, il ragazzo che diventa uomo attraverso la montagna\u201d, spiega l\u2019autrice che nelle ultime pagine ha provato a ricostruire l\u2019incidente che ha fermato per sempre Nardi e Tom Ballard. &#8220;Dal momento che i corpi, come ha ufficializzato la famiglia, non saranno recuperati, non sapremo mai davvero che cosa \u00e8 accaduto . Sappiamo che alle 8 di sera ora pakistana, Daniele chiama il campo base e avverte che hanno deciso di scendere. Di notte. E ogni alpinista sa che nessuno lascia la tenda di notte a meno che non sia a rischio della vita&#8221;. Durante la discesa nessuna valanga, nessun seracco, forse un incidente in parete fermano per sempre Daniele Nardi e il suo compagno di scalata. L\u2019ultimo pensiero \u00e8 per Daniela e Mattia.<\/p>\n<audio class=\"wp-audio-shortcode\" id=\"audio-257511-4\" preload=\"none\" style=\"width: 100%;\" controls=\"controls\"><source type=\"audio\/mpeg\" src=\"https:\/\/www.radioluna.it\/news\/wp-content\/uploads\/2019\/11\/nardi-3.mp3?_=4\" \/><a href=\"https:\/\/www.radioluna.it\/news\/wp-content\/uploads\/2019\/11\/nardi-3.mp3\">https:\/\/www.radioluna.it\/news\/wp-content\/uploads\/2019\/11\/nardi-3.mp3<\/a><\/audio>\n<p>Il volume La via Perfetta sar\u00e0 presentato a Sezze il prossimo 6 dicembre dall&#8217;autrice. Per Latina non c&#8217;\u00e8 ancora una data, ma\u00a0 si lavora ad un evento.<\/p>\n<p>&nbsp;<\/p>\n","protected":false},"excerpt":{"rendered":"<p>LATINA &#8211; In un rifugio a forma di botte in Val Ferret, fu la prima volta da capospedizione per Daniele Nardi. Ragazzino di scuola media, nemmeno adolescente, era il maggiore di tre fratelli e dunque il pi\u00f9 esperto, e il bivacco spoglio trovato in alta montagna, l\u2019occasione perfetta per \u201cun\u2019avventura estrema di sopravvivenza\u201d. Il pap\u00e0 [&hellip;]<\/p>\n","protected":false},"author":62,"featured_media":257523,"comment_status":"open","ping_status":"open","sticky":false,"template":"","format":"gallery","meta":{"footnotes":""},"categories":[2310,2424],"tags":[],"class_list":["post-257511","post","type-post","status-publish","format-gallery","has-post-thumbnail","hentry","category-audio","category-i-nostri-libri","post_format-post-format-gallery"],"_links":{"self":[{"href":"https:\/\/www.radioluna.it\/news\/wp-json\/wp\/v2\/posts\/257511","targetHints":{"allow":["GET"]}}],"collection":[{"href":"https:\/\/www.radioluna.it\/news\/wp-json\/wp\/v2\/posts"}],"about":[{"href":"https:\/\/www.radioluna.it\/news\/wp-json\/wp\/v2\/types\/post"}],"author":[{"embeddable":true,"href":"https:\/\/www.radioluna.it\/news\/wp-json\/wp\/v2\/users\/62"}],"replies":[{"embeddable":true,"href":"https:\/\/www.radioluna.it\/news\/wp-json\/wp\/v2\/comments?post=257511"}],"version-history":[{"count":0,"href":"https:\/\/www.radioluna.it\/news\/wp-json\/wp\/v2\/posts\/257511\/revisions"}],"wp:featuredmedia":[{"embeddable":true,"href":"https:\/\/www.radioluna.it\/news\/wp-json\/wp\/v2\/media\/257523"}],"wp:attachment":[{"href":"https:\/\/www.radioluna.it\/news\/wp-json\/wp\/v2\/media?parent=257511"}],"wp:term":[{"taxonomy":"category","embeddable":true,"href":"https:\/\/www.radioluna.it\/news\/wp-json\/wp\/v2\/categories?post=257511"},{"taxonomy":"post_tag","embeddable":true,"href":"https:\/\/www.radioluna.it\/news\/wp-json\/wp\/v2\/tags?post=257511"}],"curies":[{"name":"wp","href":"https:\/\/api.w.org\/{rel}","templated":true}]}}