{"id":257928,"date":"2019-12-05T14:14:12","date_gmt":"2019-12-05T13:14:12","guid":{"rendered":"https:\/\/www.radioluna.it\/news\/?p=257928"},"modified":"2019-12-05T14:14:12","modified_gmt":"2019-12-05T13:14:12","slug":"strade-deuropa-presentazione-a-latina","status":"publish","type":"post","link":"https:\/\/www.radioluna.it\/news\/2019\/12\/strade-deuropa-presentazione-a-latina\/","title":{"rendered":"Strade d&#8217;Europa, presentazione a Latina"},"content":{"rendered":"<div id=\"fb-root\"><\/div>\n<p style=\"text-align: justify;\"><strong>LATINA<\/strong> &#8211; Arriva anche a Latina stradedeuropa.eu, il sito presentato dall&#8217;europarlamentare di Terracina Nicola Procaccini a Roma e che sta ora girando L&#8217;Italia. &#8220;Ogni anno vengono messi a disposizione oltre 2 miliardi di euro di finanziamenti, ma non \u00e8 semplice orientarsi nel mondo dei diversi strumenti proposti dall&#8217;Unione Europea&#8221; \u00e8 la premessa da cui \u00e8 nata la piattaforma che &#8220;ha l&#8217;obiettivo di avvicinare le opportunit\u00e0 dei bandi europei al territorio e facilitarne la realizzazione in modo semplice ed immediato. Un servizio di monitoraggio per imprese e startup, liberi professionisti, associazioni, consorzi, enti pubblici&#8221;, che sar\u00e0 presentata al Circolo Cittadino in piazza del Popolo alle 10,30 di sabato 7 dicembre.<\/p>\n<p style=\"text-align: justify;\">Interverranno con l&#8217;eurodeputato di FdI, Procaccini, il senatore Nicola Calandrini, coordinatore provinciale FdI e l&#8217;onorevole Paolo Trancassini, coordinatore regionale FdI.\u00a0 Porteranno i loro saluti Enrico Tiero, vice coordinatore regionale FdI e Gianluca Di Cocco, coordinatore comunale del partito. Modera il giornalista Tonj Ortoleva.<\/p>\n","protected":false},"excerpt":{"rendered":"<p>LATINA &#8211; Arriva anche a Latina stradedeuropa.eu, il sito presentato dall&#8217;europarlamentare di Terracina Nicola Procaccini a Roma e che sta ora girando L&#8217;Italia. &#8220;Ogni anno vengono messi a disposizione oltre 2 miliardi di euro di finanziamenti, ma non \u00e8 semplice orientarsi nel mondo dei diversi strumenti proposti dall&#8217;Unione Europea&#8221; \u00e8 la premessa da cui \u00e8 [&hellip;]<\/p>\n","protected":false},"author":60,"featured_media":148742,"comment_status":"open","ping_status":"open","sticky":false,"template":"","format":"standard","meta":{"footnotes":""},"categories":[8],"tags":[],"class_list":["post-257928","post","type-post","status-publish","format-standard","has-post-thumbnail","hentry","category-politica"],"_links":{"self":[{"href":"https:\/\/www.radioluna.it\/news\/wp-json\/wp\/v2\/posts\/257928","targetHints":{"allow":["GET"]}}],"collection":[{"href":"https:\/\/www.radioluna.it\/news\/wp-json\/wp\/v2\/posts"}],"about":[{"href":"https:\/\/www.radioluna.it\/news\/wp-json\/wp\/v2\/types\/post"}],"author":[{"embeddable":true,"href":"https:\/\/www.radioluna.it\/news\/wp-json\/wp\/v2\/users\/60"}],"replies":[{"embeddable":true,"href":"https:\/\/www.radioluna.it\/news\/wp-json\/wp\/v2\/comments?post=257928"}],"version-history":[{"count":0,"href":"https:\/\/www.radioluna.it\/news\/wp-json\/wp\/v2\/posts\/257928\/revisions"}],"wp:featuredmedia":[{"embeddable":true,"href":"https:\/\/www.radioluna.it\/news\/wp-json\/wp\/v2\/media\/148742"}],"wp:attachment":[{"href":"https:\/\/www.radioluna.it\/news\/wp-json\/wp\/v2\/media?parent=257928"}],"wp:term":[{"taxonomy":"category","embeddable":true,"href":"https:\/\/www.radioluna.it\/news\/wp-json\/wp\/v2\/categories?post=257928"},{"taxonomy":"post_tag","embeddable":true,"href":"https:\/\/www.radioluna.it\/news\/wp-json\/wp\/v2\/tags?post=257928"}],"curies":[{"name":"wp","href":"https:\/\/api.w.org\/{rel}","templated":true}]}}