{"id":258653,"date":"2019-12-16T15:31:36","date_gmt":"2019-12-16T14:31:36","guid":{"rendered":"https:\/\/www.radioluna.it\/news\/?p=258653"},"modified":"2019-12-17T08:57:00","modified_gmt":"2019-12-17T07:57:00","slug":"dopo-lappello-di-mihajlovic-donare-midollo-salva-la-vita-ecco-a-latina-dove-e-come-si-puo-2","status":"publish","type":"post","link":"https:\/\/www.radioluna.it\/news\/2019\/12\/dopo-lappello-di-mihajlovic-donare-midollo-salva-la-vita-ecco-a-latina-dove-e-come-si-puo-2\/","title":{"rendered":"Dopo l&#8217;appello di Mihajlovic: &#8220;Donare il midollo salva la vita&#8221;. Ecco a Latina dove e come si pu\u00f2"},"content":{"rendered":"<div id=\"fb-root\"><\/div>\n<p style=\"text-align: justify;\"><strong>LATINA &#8211; &#8220;<\/strong>L&#8217;Italia \u00e8 uno dei Paesi in cui si dona di meno, ma quando hai una malattia come la mia, il trapianto ti salva la vita&#8221;. Lo ha detto domenica Sinisa Mihajlovic parlando dallo Stadio Dall&#8217;Ara dove il Bologna FC ha voluto sostenere l&#8217;Ail. L&#8217;allenatore malato di leucemia che si \u00e8 sottoposto al trapianto di midollo, ha invitato alla generosit\u00e0: &#8220;Bisogna prendere esempio dalle persone che donano perch\u00e9 salvano vite&#8221;.<\/p>\n<p>Ci siamo chiesti allora, <strong>qual \u00e8 la situazione a Latina. Quanti sono i donatori. Chi pu\u00f2 donare e dove lo si pu\u00f2 fare. Qual \u00e8 la procedura.\u00a0<\/strong><\/p>\n<p style=\"text-align: justify;\">&#8220;L&#8217;appello di Mihajlovic \u00e8\u00a0 fondamentale, perch\u00e9 di queste cose si parla solo quando interessano personaggi famosi. In provincia di Latina abbiamo circa 400 donatori&#8221;, <strong>spiega Francesco Equitani, direttore della Uoc di Medicina Trasfusionale del Goretti<\/strong> che da alcuni anni si fa carico anche della promozione alla donazione del midollo, affiancandosi all&#8217;Admo e in sinergia con l&#8217;Avis. &#8220;Il percorso \u00e8 molto simile a quello della donazione di sangue, con il limite del tetto di <strong>et\u00e0, che non pu\u00f2 superare i 35 anni&#8221;<\/strong>. Un limite posto a tutela del donatore dal momento che si tratta di una procedura invasiva, e che cade solo in caso di donazione da familiare. Ecco perch\u00e9 si fa promozione in ambito universitario, tra gli studenti, per reclutare donatori intorno ai 25 anni.<\/p>\n<p style=\"text-align: justify;\"><strong>DAL PRELIEVO DI SANGUE O SALIVA ALLA DONAZIONE &#8211;<\/strong> &#8220;L&#8217;arruolamento avviene attraverso un semplice prelievo di sangue su cui si svolgono test detti di primo livello. Queste informazioni vengono poi\u00a0 &#8211; con il consenso del donatore\u00a0 &#8211; inviate all&#8217;ospedale di macroarea che \u00e8 il San Camillo-Forlanini il quale, ove ci fosse la potenzialit\u00e0 di una donazione, richiede un secondo livello di test e, eventualmente si sia davvero molto vicini ad un quadro di compatibilit\u00e0 donatore-ricevente, un terzo e definitivo livello dopo il quale il donatore viene convocato per poter donare. Si tratta di un&#8217;evenienza piuttosto rara anche legata al fatto che i donatori non sono moltissimi, e che quando si viene chiamati a donare s\u00ec \u00e8 l&#8217;unica persona al mondo compatibile con il ricevente. Ecco perch\u00e9 la cosa fondamentale, rispetto alla donazione, \u00e8 la motivazione&#8221;.<\/p>\n<p style=\"text-align: justify;\"><strong>DOVE RIVOLGERSI AL GORETTI<\/strong> &#8211;\u00a0 <strong>Chiunque sia interessato ad avere informazioni, si pu\u00f2 rivolgere al servizio di Medicina Trasfusionale del Santa Maria Goretti <\/strong>dove avr\u00e0 tutte le risposte e verr\u00e0 inserito nel novero dei donatori se risulter\u00e0 realmente motivato. &#8220;Non bisogna avvicinarsi alla donazione perch\u00e9 lo si \u00e8 sentito di dire, ma solo se si si \u00e8 realmente e profondamente motivati &#8211; raccomanda Equitani &#8211;\u00a0 Abbiamo infatti una percentuale purtroppo non trascurabile di rinunce alla donazione quando poi si \u00e8 arrivati al terzo livello di test. E&#8217; una una cosa su cui riflettere profondamente&#8221;.<\/p>\n<p>ASCOLTA IL DOTTOR FRANCESCO EQUITANI<\/p>\n<audio class=\"wp-audio-shortcode\" id=\"audio-258653-1\" preload=\"none\" style=\"width: 100%;\" controls=\"controls\"><source type=\"audio\/mpeg\" src=\"https:\/\/www.radioluna.it\/news\/wp-content\/uploads\/2019\/12\/equitani.mp3?_=1\" \/><a href=\"https:\/\/www.radioluna.it\/news\/wp-content\/uploads\/2019\/12\/equitani.mp3\">https:\/\/www.radioluna.it\/news\/wp-content\/uploads\/2019\/12\/equitani.mp3<\/a><\/audio>\n<p style=\"text-align: justify;\">Condividiamo il video della cerimonia organizzata dal Bologna FC allo stadio Dall&#8217;Ara<\/p>\n<p><iframe loading=\"lazy\" title=\"Mihajlovic scende in campo per l&#039;AIL\" width=\"740\" height=\"416\" src=\"https:\/\/www.youtube.com\/embed\/dVGdaYKFVu8?feature=oembed\" frameborder=\"0\" allow=\"accelerometer; autoplay; clipboard-write; encrypted-media; gyroscope; picture-in-picture; web-share\" referrerpolicy=\"strict-origin-when-cross-origin\" allowfullscreen><\/iframe><\/p>\n<div class=\"radio-posizionamento-telefono-in-articoli-dopo-il-contenuto-articolo radio-entity-placement\" id=\"radio-1524239363\"><div id=\"radio-4227513336\" style=\"width: 300px;height: 250px;\"><a href=\"https:\/\/www.icarspa.it\/auto\/usate\/latina\/\" aria-label=\"banner aprile icar new life &#8211; auto usate latina\"><img loading=\"lazy\" decoding=\"async\" src=\"https:\/\/www.radioluna.it\/news\/wp-content\/uploads\/2026\/02\/banner-aprile-icar-new-life-auto-usate-latina.gif\" alt=\"\"  width=\"300\" height=\"250\"   \/><\/a><\/div><\/div>","protected":false},"excerpt":{"rendered":"<p>LATINA &#8211; &#8220;L&#8217;Italia \u00e8 uno dei Paesi in cui si dona di meno, ma quando hai una malattia come la mia, il trapianto ti salva la vita&#8221;. Lo ha detto domenica Sinisa Mihajlovic parlando dallo Stadio Dall&#8217;Ara dove il Bologna FC ha voluto sostenere l&#8217;Ail. L&#8217;allenatore malato di leucemia che si \u00e8 sottoposto al trapianto [&hellip;]<\/p>\n","protected":false},"author":62,"featured_media":258692,"comment_status":"open","ping_status":"open","sticky":false,"template":"","format":"standard","meta":{"footnotes":""},"categories":[2310,2616,2312],"tags":[],"class_list":["post-258653","post","type-post","status-publish","format-standard","has-post-thumbnail","hentry","category-audio","category-sanita","category-video"],"_links":{"self":[{"href":"https:\/\/www.radioluna.it\/news\/wp-json\/wp\/v2\/posts\/258653","targetHints":{"allow":["GET"]}}],"collection":[{"href":"https:\/\/www.radioluna.it\/news\/wp-json\/wp\/v2\/posts"}],"about":[{"href":"https:\/\/www.radioluna.it\/news\/wp-json\/wp\/v2\/types\/post"}],"author":[{"embeddable":true,"href":"https:\/\/www.radioluna.it\/news\/wp-json\/wp\/v2\/users\/62"}],"replies":[{"embeddable":true,"href":"https:\/\/www.radioluna.it\/news\/wp-json\/wp\/v2\/comments?post=258653"}],"version-history":[{"count":0,"href":"https:\/\/www.radioluna.it\/news\/wp-json\/wp\/v2\/posts\/258653\/revisions"}],"wp:featuredmedia":[{"embeddable":true,"href":"https:\/\/www.radioluna.it\/news\/wp-json\/wp\/v2\/media\/258692"}],"wp:attachment":[{"href":"https:\/\/www.radioluna.it\/news\/wp-json\/wp\/v2\/media?parent=258653"}],"wp:term":[{"taxonomy":"category","embeddable":true,"href":"https:\/\/www.radioluna.it\/news\/wp-json\/wp\/v2\/categories?post=258653"},{"taxonomy":"post_tag","embeddable":true,"href":"https:\/\/www.radioluna.it\/news\/wp-json\/wp\/v2\/tags?post=258653"}],"curies":[{"name":"wp","href":"https:\/\/api.w.org\/{rel}","templated":true}]}}