{"id":258862,"date":"2019-12-19T17:22:26","date_gmt":"2019-12-19T16:22:26","guid":{"rendered":"https:\/\/www.radioluna.it\/news\/?p=258862"},"modified":"2019-12-20T10:19:44","modified_gmt":"2019-12-20T09:19:44","slug":"salviamo-le-statue-il-comitato-civico-di-latina-versa-30mila-euro-al-comune","status":"publish","type":"post","link":"https:\/\/www.radioluna.it\/news\/2019\/12\/salviamo-le-statue-il-comitato-civico-di-latina-versa-30mila-euro-al-comune\/","title":{"rendered":"Salviamo le Statue, il Comitato civico di Latina versa 30mila euro al Comune"},"content":{"rendered":"<div id=\"fb-root\"><\/div>\n<p style=\"text-align: justify;\"><strong>LATINA &#8211;<\/strong> La chiamata alle arti ha funzionato e l&#8217;obiettivo \u00e8 stato raggiunto e superato. Il Comitato civico Salviamo le Statue di Latina ha raccolto pi\u00f9 di 30 mila e 500 euro per il restauro della Madre Rurale e de La Madre, le due opere realizzate dallo scultore Ulderico Conti nel 1938, che si trovano nei giardini di Palazzo M. Questo significa che, oltre a restituire nuova vita alle due sculture di fondazione, sar\u00e0 possibile realizzare qualcosa in pi\u00f9 Con 1200 euro si finanzier\u00e0 il progetto QR Code per permettere a cittadini e turisti di acquisire informazioni storiche e altre informazioni sulle due opere, scaricando una app e inquadrando semplicemente con lo smartphone il codice a barre che sar\u00e0 posto sul basamento della statua si accedere ad un racconto con voce di donna, come fosse la statua a parlare di s\u00e8. Un &#8220;accessorio&#8221; di cui speriamo siano presto dotati tutti gli edifici storici, i palazzi, le fontane e le altre opere di architettura razionalista.<\/p>\n<p style=\"text-align: justify;\">I restanti 1300 euro invece sono stati bonificati al\u00a0 Comune di Latina come viatico per il restauro della statua in bronzo e del basamento della scultura dell\u2019artista Elisabetta Mayo (Napoli 1896-Roma 1972) raffigurante la ninfa \u201cDafne\u201d, opera donata a Littoria nel 1933 dalle confederazioni fasciste dei datori di lavoro e dei lavoratori. L&#8217; opera si trova nei giardini del palazzo comunale e per restaurarla servono in tutto 18mila euro.<\/p>\n<p style=\"text-align: justify;\">Il punto \u00e8 stato fatto durante un incontro organizzato dal Comitato fondato da Maurizio Guercio e Rita Salvatori, che si \u00e8 tenuto questa mattina al bistr\u00f2 Turi Rizzo in Via Cattaneo, dove i promotori della raccolta hanno voluto rendicontare le somme raccolte.<\/p>\n<p style=\"text-align: justify;\">Ma quando le statue saranno restaurate? &#8220;Le somme sono state bonificate e sono disponibili &#8211; spiega Guercio &#8211; ora sta al Comune affidare i lavori di restauro a ditte qualificate. Noi lanciamo l&#8217;idea di farlo entro il prossimo 30 giugno, giorno in cui si ricorda la posa della prima pietra di Latina&#8221;.<\/p>\n<p style=\"text-align: justify;\"><strong>ASCOLTA<\/strong><\/p>\n<audio class=\"wp-audio-shortcode\" id=\"audio-258862-1\" preload=\"none\" style=\"width: 100%;\" controls=\"controls\"><source type=\"audio\/mpeg\" src=\"https:\/\/www.radioluna.it\/news\/wp-content\/uploads\/2019\/12\/guercio-art-bonus.mp3?_=1\" \/><a href=\"https:\/\/www.radioluna.it\/news\/wp-content\/uploads\/2019\/12\/guercio-art-bonus.mp3\">https:\/\/www.radioluna.it\/news\/wp-content\/uploads\/2019\/12\/guercio-art-bonus.mp3<\/a><\/audio>\n<p>Hanno contribuito:<\/p>\n<p>AQUILINO PIERPAOLO<br \/>\nASSOCIAZIONE \u201cANIMA LATINA\u201d<br \/>\nASSOCIAZIONE \u201cITALIA NOSTRA\u201d<br \/>\nASSICURAZIONI \u201cLOFFREDO\u201d<br \/>\nBALDIN ALESSANDRO<br \/>\nBANCA POPOLARE DI FONDI<br \/>\nBANCA POPOLARE DEL LAZIO<br \/>\nBULGARELLI BRUNO<br \/>\nCARATELLI RITA<br \/>\nCECCONI ALFREDO<br \/>\nCEROCCHI FEDERICO<br \/>\nCENTRO SOCIALE \u201cVITTORIO VENETO\u201d<br \/>\nCIRCOLO CITTADINO \u201cSANTE PALUMBO\u201d<br \/>\nCOMITATO \u201cSALVIAMO LE STATUE\u201d<br \/>\nCOMITATO \u201cAUGURI LATINA 86\u201d<br \/>\n(Composto da: Confesercenti Latina\/\u201cLions Club Latina<br \/>\nHost\u201d\/\u201cLions Club Sabaudia &#8211; S.F.Circeo\u201d\/Ass.Latina<br \/>\nCentro Storico\/Ass.\u201dNoi Siamo Latina\u201d\/Ass.Foedus \/<br \/>\nAss.\u201dTor Tre Ponti\u201d\/Banca Mediolanum<br \/>\nAg.Fabrizio Vecchini\/Ass.\u201dBorghi di Latina\u201d<br \/>\nAss.\u201dAnima Latina\u201d\/Ass.\u201dMinerva\u201d\/Ass.\u201dGabriele<br \/>\nD\u2019Annunzio\u201d\/News24\/\u201dGreen Latina\u201d\/<br \/>\nAss.\u201dOfficina della Fantasia\u201d)<br \/>\nCOMUNE DI LATINA CONSIGLIO COMUNALE<br \/>\nCOMUNE DI LATINA ASSESSORATO ALLA CULTURA<br \/>\nTURISMO E SPORT<br \/>\nCONFCOMMERCIO IMPRESE PER L\u2019ITALIA-LAZIO<br \/>\nFARMACIA \u201dFARINA\u201d<br \/>\nGIANNI FABRIZIO<br \/>\nLIONS CLUB LATINA HOST<br \/>\nLIONS CLUB SABAUDIA-SAN FELICE CIRCEO<br \/>\nGRUPPO \u201cREDI\u201d<br \/>\nMARINIELLO GIANMARCO<br \/>\nMEDICAL PONTINO<br \/>\nROSSETTI ROSANNA<br \/>\nROSSIGNOLI SILVIO<br \/>\nSTOTO ANTONINO<br \/>\nTOMASONE UGO<br \/>\nUCID LATINA<br \/>\nVIGLIALORO GIUSEPPE<\/p>\n<p>&nbsp;<\/p>\n<p style=\"text-align: justify;\">\n","protected":false},"excerpt":{"rendered":"<p>LATINA &#8211; La chiamata alle arti ha funzionato e l&#8217;obiettivo \u00e8 stato raggiunto e superato. Il Comitato civico Salviamo le Statue di Latina ha raccolto pi\u00f9 di 30 mila e 500 euro per il restauro della Madre Rurale e de La Madre, le due opere realizzate dallo scultore Ulderico Conti nel 1938, che si trovano [&hellip;]<\/p>\n","protected":false},"author":62,"featured_media":258864,"comment_status":"open","ping_status":"open","sticky":false,"template":"","format":"standard","meta":{"footnotes":""},"categories":[735,2310],"tags":[],"class_list":["post-258862","post","type-post","status-publish","format-standard","has-post-thumbnail","hentry","category-attualita","category-audio"],"_links":{"self":[{"href":"https:\/\/www.radioluna.it\/news\/wp-json\/wp\/v2\/posts\/258862","targetHints":{"allow":["GET"]}}],"collection":[{"href":"https:\/\/www.radioluna.it\/news\/wp-json\/wp\/v2\/posts"}],"about":[{"href":"https:\/\/www.radioluna.it\/news\/wp-json\/wp\/v2\/types\/post"}],"author":[{"embeddable":true,"href":"https:\/\/www.radioluna.it\/news\/wp-json\/wp\/v2\/users\/62"}],"replies":[{"embeddable":true,"href":"https:\/\/www.radioluna.it\/news\/wp-json\/wp\/v2\/comments?post=258862"}],"version-history":[{"count":0,"href":"https:\/\/www.radioluna.it\/news\/wp-json\/wp\/v2\/posts\/258862\/revisions"}],"wp:featuredmedia":[{"embeddable":true,"href":"https:\/\/www.radioluna.it\/news\/wp-json\/wp\/v2\/media\/258864"}],"wp:attachment":[{"href":"https:\/\/www.radioluna.it\/news\/wp-json\/wp\/v2\/media?parent=258862"}],"wp:term":[{"taxonomy":"category","embeddable":true,"href":"https:\/\/www.radioluna.it\/news\/wp-json\/wp\/v2\/categories?post=258862"},{"taxonomy":"post_tag","embeddable":true,"href":"https:\/\/www.radioluna.it\/news\/wp-json\/wp\/v2\/tags?post=258862"}],"curies":[{"name":"wp","href":"https:\/\/api.w.org\/{rel}","templated":true}]}}