{"id":258919,"date":"2019-12-20T13:13:21","date_gmt":"2019-12-20T12:13:21","guid":{"rendered":"https:\/\/www.radioluna.it\/news\/?p=258919"},"modified":"2019-12-22T08:45:29","modified_gmt":"2019-12-22T07:45:29","slug":"napule-al-teatro-moderno-di-latina-l-omaggio-ai-grandi-artisti-partenopei","status":"publish","type":"post","link":"https:\/\/www.radioluna.it\/news\/2019\/12\/napule-al-teatro-moderno-di-latina-l-omaggio-ai-grandi-artisti-partenopei\/","title":{"rendered":"Napul&#8217;\u00e8: al Teatro Moderno di Latina l&#8217; omaggio ai grandi artisti partenopei"},"content":{"rendered":"<div id=\"fb-root\"><\/div>\n<p style=\"text-align: justify;\"><strong>LATINA<\/strong> &#8211; \u00a0Da un\u2019idea del direttore artistico Rodolfo De Maio, sabato 21 dicembre alle 20.30 presso il Teatro Moderno, via Sisto V a Latina, torna a grande richiesta, dopo il debutto del 2017, lo spettacolo diretto da Simona Serino \u2018Napul\u2019\u00e8\u2019, performance artistica che rende omaggio ai grandi artisti partenopei. \u00a0\u00a0 Due ore di musica, danza e teatro che divertono ed emozionano lo spettatore con grande spontaneit\u00e0 interpretativa di tutti gli allievi protagonisti, capaci di coinvolgere il pubblico di una sorta di amarcord che spazia da Sophia Loren a Massimo Troisi, da Edoardo De Crescenzo all\u2019intramontabile Eduardo De Filippo, passando per Armando Cafaro, attore, autore e regista teatrale napoletano a cui la citt\u00e0 di Latina ha intitolato l\u2019ex Teatro Ridotto all\u2019indomani della sua precoce scomparsa del 2003. Il tutto accompagnato dalle caratteristiche melodie che tanto raccontano della citt\u00e0 del Vesuvio, a partire dal grande Pino Daniele.<\/p>\n<p style=\"text-align: justify;\">\u00a0\u201cNapul\u2019\u00e8 \u00e8 il risultato di un lavoro di squadra nato dalla collaborazione con il Laboratorio teatrale PALCO 19 di Simona Serino, che funziona perch\u00e9 basato sul rispetto dei ruoli, delle professionalit\u00e0 e delle sensibilit\u00e0, tutte impegnate nel raggiungimento dell\u2019obiettivo finale: un bello spettacolo \u2013 cos\u00ec Rodolfo De Maio, direttore artistico della scuola di danza Tersicore, la pi\u00f9 longeva di Latina -. Ringrazio sempre con profondo affetto e stima tutti coloro che rendono possibile questi traguardi. Mio figlio Massimo che cura l\u2019organizzazione, mia moglie Daniela, costumista e punto di riferimento per tutte le allieve di danza e le loro famiglie, e soprattutto lo staff delle insegnanti e coreografe: Silvia Bachini, Stefania Coluzzi, Lele, Daniela Pecchia, Francesca Spaziani e per il Tango Marco Petricca.\u201d<\/p>\n<p style=\"text-align: justify;\">\u201cL\u2019allestimento, l\u2019adattamento dei testi e la regia di uno spettacolo che coniuga l\u2019arte coreutica a quella della recitazione \u00e8 stato un lavoro direi naturale \u2013 aggiunge\u00a0 Simona Serino \u2013 perch\u00e9 \u00e8 scaturito dal mio percorso personale e dalla sinergia con Tersicore che \u00e8 stata fin da subito gratificante e spontanea. Con Rodolfo non abbiamo neanche discusso sulla scaletta poich\u00e9 avevamo la stessa idea di spettacolo, addirittura avevamo scelto gli stessi pezzi, sia musicali sia teatrali. Quando si verifica questa intesa, il lavoro diventa un vero piacere. Ringrazio i miei allievi e il gruppo de \u201cI MagnAttori\u201d e in particolare la mia assistente Martina Dora Sanguigni, che sempre mi supporta e mi sopporta.\u201d<\/p>\n<p style=\"text-align: justify;\">\u00a0\u00a0\u00a0\u00a0\u00a0\u00a0\u00a0\u00a0\u00a0\u00a0\u00a0\u00a0\u00a0\u00a0\u00a0 Palco 19 \u00e8 reduce dalla finale dello STEP Festival di Lariano, dove con Il Piccolo Principe del corso Young si \u00e8 piazzata tra i primi 3 spettacoli a livello regionale, e con il gruppo senior degli \u201cAttoristi anonimi\u201d ha supportato il Consultorio Diocesano con una performance contro la violenza di genere, e al Teatro Ponchielli con una performance sul tema, per sostenere la UILT e il suo sportello di ascolto per le donne vittime di violenza. E da gennaio nuovi progetti in allestimento.<\/p>\n<p>&nbsp;<\/p>\n<div class=\"radio-posizionamento-telefono-in-articoli-dopo-il-contenuto-articolo radio-entity-placement\" id=\"radio-3178093480\"><div id=\"radio-1504967828\" style=\"width: 300px;height: 250px;\"><a href=\"https:\/\/www.icarspa.it\/auto\/usate\/latina\/\" aria-label=\"banner aprile icar new life &#8211; auto usate latina\"><img loading=\"lazy\" decoding=\"async\" src=\"https:\/\/www.radioluna.it\/news\/wp-content\/uploads\/2026\/02\/banner-aprile-icar-new-life-auto-usate-latina.gif\" alt=\"\"  width=\"300\" height=\"250\"   \/><\/a><\/div><\/div>","protected":false},"excerpt":{"rendered":"<p>LATINA &#8211; \u00a0Da un\u2019idea del direttore artistico Rodolfo De Maio, sabato 21 dicembre alle 20.30 presso il Teatro Moderno, via Sisto V a Latina, torna a grande richiesta, dopo il debutto del 2017, lo spettacolo diretto da Simona Serino \u2018Napul\u2019\u00e8\u2019, performance artistica che rende omaggio ai grandi artisti partenopei. \u00a0\u00a0 Due ore di musica, danza [&hellip;]<\/p>\n","protected":false},"author":60,"featured_media":258925,"comment_status":"open","ping_status":"open","sticky":false,"template":"","format":"standard","meta":{"footnotes":""},"categories":[16],"tags":[],"class_list":["post-258919","post","type-post","status-publish","format-standard","has-post-thumbnail","hentry","category-appuntamenti"],"_links":{"self":[{"href":"https:\/\/www.radioluna.it\/news\/wp-json\/wp\/v2\/posts\/258919","targetHints":{"allow":["GET"]}}],"collection":[{"href":"https:\/\/www.radioluna.it\/news\/wp-json\/wp\/v2\/posts"}],"about":[{"href":"https:\/\/www.radioluna.it\/news\/wp-json\/wp\/v2\/types\/post"}],"author":[{"embeddable":true,"href":"https:\/\/www.radioluna.it\/news\/wp-json\/wp\/v2\/users\/60"}],"replies":[{"embeddable":true,"href":"https:\/\/www.radioluna.it\/news\/wp-json\/wp\/v2\/comments?post=258919"}],"version-history":[{"count":0,"href":"https:\/\/www.radioluna.it\/news\/wp-json\/wp\/v2\/posts\/258919\/revisions"}],"wp:featuredmedia":[{"embeddable":true,"href":"https:\/\/www.radioluna.it\/news\/wp-json\/wp\/v2\/media\/258925"}],"wp:attachment":[{"href":"https:\/\/www.radioluna.it\/news\/wp-json\/wp\/v2\/media?parent=258919"}],"wp:term":[{"taxonomy":"category","embeddable":true,"href":"https:\/\/www.radioluna.it\/news\/wp-json\/wp\/v2\/categories?post=258919"},{"taxonomy":"post_tag","embeddable":true,"href":"https:\/\/www.radioluna.it\/news\/wp-json\/wp\/v2\/tags?post=258919"}],"curies":[{"name":"wp","href":"https:\/\/api.w.org\/{rel}","templated":true}]}}