{"id":258952,"date":"2019-12-20T18:08:58","date_gmt":"2019-12-20T17:08:58","guid":{"rendered":"https:\/\/www.radioluna.it\/news\/?p=258952"},"modified":"2019-12-20T18:08:58","modified_gmt":"2019-12-20T17:08:58","slug":"maxistaffetta-uisp-tutto-pronto-al-campo-coni-di-latina","status":"publish","type":"post","link":"https:\/\/www.radioluna.it\/news\/2019\/12\/maxistaffetta-uisp-tutto-pronto-al-campo-coni-di-latina\/","title":{"rendered":"Maxistaffetta Uisp: tutto pronto al campo Coni di Latina"},"content":{"rendered":"<div id=\"fb-root\"><\/div>\n<p style=\"text-align: justify;\"><strong>LATINA &#8211;<\/strong> L\u2019Uisp di Latina si appresta a vivere con i suoi atleti e le sue societ\u00e0 affiliate una giornata di grandi emozioni. Parliamo di domenica 22 dicembre e di una location sempre affascinante per tutti gli atleti pontini, il Campo Comunale di Atletica di via Botticelli. Alle 9.30, infatti, prender\u00e0 il via la 15esima edizione della Maxistaffetta, una gara a squadre sulla distanza di due chilometri con frazioni da 400 metri per ognuno dei cinque componenti dei complessivi 25 gruppi ai nastri di partenza. Oltre alla festosa competizione, con la presenza di team interamente femminili, la giornata prevede delle esibizioni di atletica riservate ai settori giovanili, curate da Massimo Siliani del Gap Fitwalking. Subito dopo, alle 11, tutti i protagonisti si trasferiranno nell\u2019aula magna del vicino Itis \u201cGalilei\u201d per prendere parte alla cerimonia di premiazione del 29esimo Grande Slam Uisp. Sar\u00e0 l\u2019occasione per consegnare i meritati riconoscimenti agli atleti con i migliori piazzamenti nel consuntivo finale del fitto calendario di eventi podistici proposto durante il 2019. E sar\u00e0 anche l\u2019occasione per ricordare Ciro Imparato, un protagonista delle corse Uisp venuto a mancare domenica scorsa subito dopo aver tagliato il suo ultimo traguardo. Prima della Maxistaffetta sar\u00e0 osservato un minuto di raccoglimento. Una volta iniziata la gara, i suoi compagni della Podistica Pontinia indosseranno una divisa con una scritta a dir poco significativa: \u201cCiro corre con Noi\u201d. L\u2019Uisp onorer\u00e0 Ciro anche nella successiva cerimonia: tra le donne da premiare, infatti, ci sar\u00e0 anche la compagna di Imparato, Daniela Bellato; sar\u00e0 emozionante chiamarla in causa, insieme a tutta la squadra.<\/p>\n<p style=\"text-align: justify;\">\n<p style=\"text-align: justify;\">IL RICORDO DI NATALINO NOCERA<\/p>\n<p style=\"text-align: justify;\">E a proposito di emozioni, la cerimonia avr\u00e0 inizio con un tributo all\u2019indimenticato presidente Uisp Natalino Nocera, venuto a mancare il giorno di Natale di un anno fa. Per onorare una figura storica per l\u2019intero movimento sportivo provinciale interverranno il presidente del Comitato Territoriale Domenico Lattanzi, il presidente regionale Andrea Giansanti ma anche i vertici nazionali dell\u2019ente, rappresentati dal vicepresidente Tiziano Pesce e dal segretario generale Tommaso Dorati. I loro interventi serviranno anche a ringraziare quanti hanno contribuito ad organizzare le svariate tappe del Grande Slam. Fondamentale, a tal proposito, \u00e8 stato il sostegno dei main sponsor Icar Renault, Sport85 e Mapei. Non sono escluse poi altre importanti sorprese, sempre con l\u2019intento di evidenziare i meriti e l\u2019operato di un grande presidente rimasto nel cuore di tutti.<\/p>\n<p style=\"text-align: justify;\">PRIME ANTICIPAZIONI PER IL 2020: LATINA NEL CIRCUITO NAZIONALE LILT<\/p>\n<p style=\"text-align: justify;\">Nel 2020 il \u201cGrande Slam\u201d taglier\u00e0 il prestigioso traguardo delle 30 candeline. Il Comitato Territoriale Uisp ha gi\u00e0 definito tutti i dettagli del nuovo, ricchissimo calendario di trenta splendidi eventi: si inizier\u00e0 come di consueto dalla tappa di Monte San Biagio, il 26 gennaio, e si terminer\u00e0 con la Maxistaffetta del 20 dicembre. Tante sorprese saranno annunciate nell\u2019appuntamento di domenica, ma una prima notizia \u00e8 gi\u00e0 trapelata dalla sede di via Don Morosini: grazie ad un accordo con la Lilt, Latina \u00e8 stata inserita in un calendario di quattro gare di trail a livello nazionale, insieme a Bologna, Salerno e Roma. In tale prestigioso contesto la provincia pontina figurer\u00e0 con il Trail della Miniera, a Priverno.<\/p>\n<div class=\"radio-posizionamento-telefono-in-articoli-dopo-il-contenuto-articolo radio-entity-placement\" id=\"radio-4051337511\"><div id=\"radio-4231291652\" style=\"width: 300px;height: 250px;\"><a href=\"https:\/\/www.icarspa.it\/auto\/usate\/latina\/\" aria-label=\"banner aprile icar new life &#8211; auto usate latina\"><img loading=\"lazy\" decoding=\"async\" src=\"https:\/\/www.radioluna.it\/news\/wp-content\/uploads\/2026\/02\/banner-aprile-icar-new-life-auto-usate-latina.gif\" alt=\"\"  width=\"300\" height=\"250\"   \/><\/a><\/div><\/div>","protected":false},"excerpt":{"rendered":"<p>LATINA &#8211; L\u2019Uisp di Latina si appresta a vivere con i suoi atleti e le sue societ\u00e0 affiliate una giornata di grandi emozioni. Parliamo di domenica 22 dicembre e di una location sempre affascinante per tutti gli atleti pontini, il Campo Comunale di Atletica di via Botticelli. Alle 9.30, infatti, prender\u00e0 il via la 15esima [&hellip;]<\/p>\n","protected":false},"author":5430,"featured_media":0,"comment_status":"open","ping_status":"open","sticky":false,"template":"","format":"standard","meta":{"footnotes":""},"categories":[17],"tags":[],"class_list":["post-258952","post","type-post","status-publish","format-standard","hentry","category-sport"],"_links":{"self":[{"href":"https:\/\/www.radioluna.it\/news\/wp-json\/wp\/v2\/posts\/258952","targetHints":{"allow":["GET"]}}],"collection":[{"href":"https:\/\/www.radioluna.it\/news\/wp-json\/wp\/v2\/posts"}],"about":[{"href":"https:\/\/www.radioluna.it\/news\/wp-json\/wp\/v2\/types\/post"}],"author":[{"embeddable":true,"href":"https:\/\/www.radioluna.it\/news\/wp-json\/wp\/v2\/users\/5430"}],"replies":[{"embeddable":true,"href":"https:\/\/www.radioluna.it\/news\/wp-json\/wp\/v2\/comments?post=258952"}],"version-history":[{"count":0,"href":"https:\/\/www.radioluna.it\/news\/wp-json\/wp\/v2\/posts\/258952\/revisions"}],"wp:attachment":[{"href":"https:\/\/www.radioluna.it\/news\/wp-json\/wp\/v2\/media?parent=258952"}],"wp:term":[{"taxonomy":"category","embeddable":true,"href":"https:\/\/www.radioluna.it\/news\/wp-json\/wp\/v2\/categories?post=258952"},{"taxonomy":"post_tag","embeddable":true,"href":"https:\/\/www.radioluna.it\/news\/wp-json\/wp\/v2\/tags?post=258952"}],"curies":[{"name":"wp","href":"https:\/\/api.w.org\/{rel}","templated":true}]}}