{"id":259120,"date":"2019-12-27T10:48:52","date_gmt":"2019-12-27T09:48:52","guid":{"rendered":"https:\/\/www.radioluna.it\/news\/?p=259120"},"modified":"2019-12-28T11:37:39","modified_gmt":"2019-12-28T10:37:39","slug":"latina-in-arrivo-i-controlli-con-un-drone-la-decisione-del-comandante-della-polizia-locale","status":"publish","type":"post","link":"https:\/\/www.radioluna.it\/news\/2019\/12\/latina-in-arrivo-i-controlli-con-un-drone-la-decisione-del-comandante-della-polizia-locale\/","title":{"rendered":"A Latina i controlli si faranno con il drone. La decisione del Comandante della Polizia Locale"},"content":{"rendered":"<div id=\"fb-root\"><\/div>\n<p style=\"text-align: justify;\"><strong>LATINA<\/strong> &#8211; La polizia Locale di Latina si doter\u00e0 di un drone che sar\u00e0 utilizzato dagli agenti per le attivit\u00e0 di controllo del territorio vista la carenza di personale. Saranno proprio quattro vigili, dopo un apposito corso di formazione per il conseguimento del patentino previsto dalle norme vigenti, a poterlo utilizzare. Le motivazioni sono illustrate dal dirigente Francesco Passaretti nella determina con cui dispone l&#8217;acquisto dell&#8217;apperecchio &#8220;DJI MAVIC2&#8221;.<\/p>\n<p style=\"text-align: justify;\">\u201cL\u2019utilizzo del drone render\u00e0 possibili interventi diretti, rapidi ed efficaci alle pi\u00f9 esigibili richieste di soluzione che pervengono dai cittadini&#8221;, si legge nel documento pubblicato sull&#8217;albo pretorio del Comune di Latina dove \u00e8 spiegato che si tratta di &#8220;sistemi di controllo tecnologici in grado di eseguire da remoto i dovuti controlli di video sorveglianza&#8221;. &#8220;Tenuto conto delle condizioni di inquinamento ambientale di alcune zone del nostro territorio per lo pi\u00f9 inaccessibili da terra per la particolare conformazione morfologica, l\u2019abusivismo edilizio e le dinamiche attinenti i reati comuni&#8221;, il drone sar\u00e0 dunque &#8220;supporto necessario alle molteplici attivit\u00e0 di polizia che oggi con le nuove riforme legislative obbliga il Corpo di Polizia Locale di Latina ad essere impegnato su fronti diversi, con esigua disponibilit\u00e0 di personale&#8221;.<\/p>\n<p style=\"text-align: justify;\">L&#8217;apparecchio sar\u00e0 destinato a servizi di controllo ambientali, di protezione civile, di gestione e controllo del territorio e per il decoro.<\/p>\n","protected":false},"excerpt":{"rendered":"<p>LATINA &#8211; La polizia Locale di Latina si doter\u00e0 di un drone che sar\u00e0 utilizzato dagli agenti per le attivit\u00e0 di controllo del territorio vista la carenza di personale. Saranno proprio quattro vigili, dopo un apposito corso di formazione per il conseguimento del patentino previsto dalle norme vigenti, a poterlo utilizzare. Le motivazioni sono illustrate [&hellip;]<\/p>\n","protected":false},"author":62,"featured_media":259121,"comment_status":"open","ping_status":"open","sticky":false,"template":"","format":"standard","meta":{"footnotes":""},"categories":[7],"tags":[],"class_list":["post-259120","post","type-post","status-publish","format-standard","has-post-thumbnail","hentry","category-cronaca"],"_links":{"self":[{"href":"https:\/\/www.radioluna.it\/news\/wp-json\/wp\/v2\/posts\/259120","targetHints":{"allow":["GET"]}}],"collection":[{"href":"https:\/\/www.radioluna.it\/news\/wp-json\/wp\/v2\/posts"}],"about":[{"href":"https:\/\/www.radioluna.it\/news\/wp-json\/wp\/v2\/types\/post"}],"author":[{"embeddable":true,"href":"https:\/\/www.radioluna.it\/news\/wp-json\/wp\/v2\/users\/62"}],"replies":[{"embeddable":true,"href":"https:\/\/www.radioluna.it\/news\/wp-json\/wp\/v2\/comments?post=259120"}],"version-history":[{"count":0,"href":"https:\/\/www.radioluna.it\/news\/wp-json\/wp\/v2\/posts\/259120\/revisions"}],"wp:featuredmedia":[{"embeddable":true,"href":"https:\/\/www.radioluna.it\/news\/wp-json\/wp\/v2\/media\/259121"}],"wp:attachment":[{"href":"https:\/\/www.radioluna.it\/news\/wp-json\/wp\/v2\/media?parent=259120"}],"wp:term":[{"taxonomy":"category","embeddable":true,"href":"https:\/\/www.radioluna.it\/news\/wp-json\/wp\/v2\/categories?post=259120"},{"taxonomy":"post_tag","embeddable":true,"href":"https:\/\/www.radioluna.it\/news\/wp-json\/wp\/v2\/tags?post=259120"}],"curies":[{"name":"wp","href":"https:\/\/api.w.org\/{rel}","templated":true}]}}