{"id":259157,"date":"2019-12-27T11:30:49","date_gmt":"2019-12-27T10:30:49","guid":{"rendered":"https:\/\/www.radioluna.it\/news\/?p=259157"},"modified":"2019-12-27T11:30:49","modified_gmt":"2019-12-27T10:30:49","slug":"cinquanta-pini-da-abbattere-cantiere-aperto-sulla-provinciale-per-san-felice-circeo","status":"publish","type":"post","link":"https:\/\/www.radioluna.it\/news\/2019\/12\/cinquanta-pini-da-abbattere-cantiere-aperto-sulla-provinciale-per-san-felice-circeo\/","title":{"rendered":"Cinquanta pini da abbattere, cantiere aperto sulla provinciale per San Felice Circeo"},"content":{"rendered":"<div id=\"fb-root\"><\/div>\n<p style=\"text-align: justify;\"><strong>SAN FELICE CIRCEO &#8211;<\/strong> Proseguono i lavori sulla provinciale che collega Borgo Montenero a La Cona dopo il maltempo che ha compromesso la stabilit\u00e0 dei pini che costeggiano la strada.\u00a0 Dopo il sopralluogo dei tecnici incaricati dal Comune e del tecnico comunale \u00e8 stata dichiarata la pericolosit\u00e0 delle piante e stato programmato ed \u00e8 iniziato l\u2019abbattimento di 50 piante circa &#8220;nelle zone dove la densit\u00e0 \u00e8 maggiore e le chiome pongono pi\u00f9 resistenza al vento&#8221;.\u00a0 E non \u00e8 nemmeno esclusa la possibilit\u00e0 che le piante &#8220;salvate&#8221; possano crollare alla prossima ondata di cattivo tempo.<\/p>\n<p style=\"text-align: justify;\">\u201cIntervenire sulla provinciale \u2013 ha detto il sindaco Schiboni \u2013 era gi\u00e0 previsto attraverso una fitta corrispondenza ed un protocollo di intesa raggiunto con la Provincia di Latina su cui si sta lavorando da circa due anni. I lavori avviati sono stati determinati dal maltempo e dal pericolo di collasso dei pini e pertanto hanno solo accelerato il processo avviato che prevede un restyling completo dell\u2019intera via con il rifacimento del manto stradale ed opere di miglioramento e riqualificazione boschiva di tutta l\u2019area con la piantumazione di nuovi alberi\u201d.<\/p>\n","protected":false},"excerpt":{"rendered":"<p>SAN FELICE CIRCEO &#8211; Proseguono i lavori sulla provinciale che collega Borgo Montenero a La Cona dopo il maltempo che ha compromesso la stabilit\u00e0 dei pini che costeggiano la strada.\u00a0 Dopo il sopralluogo dei tecnici incaricati dal Comune e del tecnico comunale \u00e8 stata dichiarata la pericolosit\u00e0 delle piante e stato programmato ed \u00e8 iniziato [&hellip;]<\/p>\n","protected":false},"author":62,"featured_media":259159,"comment_status":"open","ping_status":"open","sticky":false,"template":"","format":"standard","meta":{"footnotes":""},"categories":[7],"tags":[],"class_list":["post-259157","post","type-post","status-publish","format-standard","has-post-thumbnail","hentry","category-cronaca"],"_links":{"self":[{"href":"https:\/\/www.radioluna.it\/news\/wp-json\/wp\/v2\/posts\/259157","targetHints":{"allow":["GET"]}}],"collection":[{"href":"https:\/\/www.radioluna.it\/news\/wp-json\/wp\/v2\/posts"}],"about":[{"href":"https:\/\/www.radioluna.it\/news\/wp-json\/wp\/v2\/types\/post"}],"author":[{"embeddable":true,"href":"https:\/\/www.radioluna.it\/news\/wp-json\/wp\/v2\/users\/62"}],"replies":[{"embeddable":true,"href":"https:\/\/www.radioluna.it\/news\/wp-json\/wp\/v2\/comments?post=259157"}],"version-history":[{"count":0,"href":"https:\/\/www.radioluna.it\/news\/wp-json\/wp\/v2\/posts\/259157\/revisions"}],"wp:featuredmedia":[{"embeddable":true,"href":"https:\/\/www.radioluna.it\/news\/wp-json\/wp\/v2\/media\/259159"}],"wp:attachment":[{"href":"https:\/\/www.radioluna.it\/news\/wp-json\/wp\/v2\/media?parent=259157"}],"wp:term":[{"taxonomy":"category","embeddable":true,"href":"https:\/\/www.radioluna.it\/news\/wp-json\/wp\/v2\/categories?post=259157"},{"taxonomy":"post_tag","embeddable":true,"href":"https:\/\/www.radioluna.it\/news\/wp-json\/wp\/v2\/tags?post=259157"}],"curies":[{"name":"wp","href":"https:\/\/api.w.org\/{rel}","templated":true}]}}