{"id":259191,"date":"2019-12-28T07:19:06","date_gmt":"2019-12-28T06:19:06","guid":{"rendered":"https:\/\/www.radioluna.it\/news\/?p=259191"},"modified":"2019-12-28T12:13:56","modified_gmt":"2019-12-28T11:13:56","slug":"pista-ciclabile-borgo-grappa-rio-martino-lessio-si-fara-lo-stesso","status":"publish","type":"post","link":"https:\/\/www.radioluna.it\/news\/2019\/12\/pista-ciclabile-borgo-grappa-rio-martino-lessio-si-fara-lo-stesso\/","title":{"rendered":"Pista ciclabile Borgo Grappa-Rio Martino, Lessio: &#8220;Si far\u00e0 lo stesso&#8221;"},"content":{"rendered":"<div id=\"fb-root\"><\/div>\n<p style=\"text-align: justify;\"><strong>LATINA<\/strong> &#8211; &#8220;<a href=\"https:\/\/www.radioluna.it\/news\/2019\/12\/latina-pista-ciclabile-borgo-grappa-rio-martino-revocato-il-finanziamento\/\">La perdita del finanziamento regionale per la pista ciclabile Borgo Grappa-Rio Martino<\/a> non significa che il progetto non sar\u00e0 realizzato&#8221;. Prova a spiegarlo mentre infuriano le polemiche, l&#8217;assessore all&#8217;Ambiente del Comune di Latina Roberto Lessio. &#8220;L&#8217;opera\u00a0 rimane una priorit\u00e0 ed \u00e8 stato richiesto gi\u00e0 un finanziamento al Ministero dell\u2019Ambiente insieme al Parco Nazionale del Circeo&#8221;, assicura ricostruendo la vicenda che comincia del 2009.<\/p>\n<p style=\"text-align: justify;\">&#8220;Il de-finanziamento\u00a0 \u00a0 \u00a0&#8211; spiega Lessio &#8211; non pregiudicher\u00e0 la realizzazione dell\u2019opera perch\u00e9 abbiamo partecipato, d\u2019intesa con il Parco Nazionale del Circeo, ad un altro Bando di Finanziamento promosso nel giugno scorso dal Ministero dell\u2019Ambiente. Una decisione suggerita dalla consapevolezza che, per diversi motivi, la decadenza del finanziamento regionale non sarebbe stata evitabile&#8221; visto che il Comune di Latina si era impegnato a rendere funzionale e fruibile l\u2019opera entro l\u2019agosto 2016, ad appena due mesi dall\u2019insediamento dell\u2019amministrazione Coletta.<\/p>\n<p style=\"text-align: justify;\">Lessio ripercorre\u00a0 &#8220;per dovere nei confronti della cittadinanza&#8221;\u00a0 quanto accaduto spiegando che &#8220;il progetto originario presentato alla Regione Lazio risale al 2009, ed \u00e8 stato poi riaggiornato nel 2013 con un\u2019apposita delibera di Giunta e che ha avuto un primo finanziamento regionale nel 2015, al quale per\u00f2 si sarebbe dovuto abbinare un co-finanziamento del Comune che non \u00e8 mai stato deliberato. Il Servizio Ambiente si \u00e8 attivato per ottenere una proroga che poi \u00e8 stata concessa dalla Regione, sulla base delle autorizzazioni gi\u00e0 ottenute e visti gli atti dai quali risultava che tutte le aree interessate dal progetto erano di propriet\u00e0 comunale. Un presupposto che poi si \u00e8 scoperto non veritiero. Un tratto significativo del progetto ricade su aree di propriet\u00e0 della Provincia di Latina per le quali \u00e8 stato necessario ottenere sia la disponibilit\u00e0 d\u2019uso che la relativa autorizzazione idraulica. Difficolt\u00e0 che sono state tutte superate al fine di adeguare il progetto le cui autorizzazioni, con durata fissata per legge a legge cinque anni, sono nel frattempo scadute. Di conseguenza, per confermare il finanziamento regionale sarebbe stato necessario riavviare l\u2019intero iter burocratico. In pi\u00f9 si sarebbe dovuto deliberare la quota di co-finanziamento, mai deliberata in passato.<\/p>\n<p style=\"text-align: justify;\">A quel punto, dopo un confronto con il Parco Nazionale del Circeo, l\u2019Amministrazione ha preferito presentare il medesimo progetto nell\u2019ambito del bando indetto a fine giugno scorso dal Ministero dell\u2019Ambiente per il contrasto ai cambiamenti climatici nei territori dei Parchi Nazionali. Auspichiamo, per la forza della proposta e per la stretta collaborazione con un Ente importante come il Parco Nazionale, che vi siano delle ottime possibilit\u00e0 di finanziamento dell\u2019opera&#8221;.<\/p>\n","protected":false},"excerpt":{"rendered":"<p>LATINA &#8211; &#8220;La perdita del finanziamento regionale per la pista ciclabile Borgo Grappa-Rio Martino non significa che il progetto non sar\u00e0 realizzato&#8221;. Prova a spiegarlo mentre infuriano le polemiche, l&#8217;assessore all&#8217;Ambiente del Comune di Latina Roberto Lessio. &#8220;L&#8217;opera\u00a0 rimane una priorit\u00e0 ed \u00e8 stato richiesto gi\u00e0 un finanziamento al Ministero dell\u2019Ambiente insieme al Parco Nazionale [&hellip;]<\/p>\n","protected":false},"author":62,"featured_media":259192,"comment_status":"open","ping_status":"open","sticky":false,"template":"","format":"standard","meta":{"footnotes":""},"categories":[7],"tags":[],"class_list":["post-259191","post","type-post","status-publish","format-standard","has-post-thumbnail","hentry","category-cronaca"],"_links":{"self":[{"href":"https:\/\/www.radioluna.it\/news\/wp-json\/wp\/v2\/posts\/259191","targetHints":{"allow":["GET"]}}],"collection":[{"href":"https:\/\/www.radioluna.it\/news\/wp-json\/wp\/v2\/posts"}],"about":[{"href":"https:\/\/www.radioluna.it\/news\/wp-json\/wp\/v2\/types\/post"}],"author":[{"embeddable":true,"href":"https:\/\/www.radioluna.it\/news\/wp-json\/wp\/v2\/users\/62"}],"replies":[{"embeddable":true,"href":"https:\/\/www.radioluna.it\/news\/wp-json\/wp\/v2\/comments?post=259191"}],"version-history":[{"count":0,"href":"https:\/\/www.radioluna.it\/news\/wp-json\/wp\/v2\/posts\/259191\/revisions"}],"wp:featuredmedia":[{"embeddable":true,"href":"https:\/\/www.radioluna.it\/news\/wp-json\/wp\/v2\/media\/259192"}],"wp:attachment":[{"href":"https:\/\/www.radioluna.it\/news\/wp-json\/wp\/v2\/media?parent=259191"}],"wp:term":[{"taxonomy":"category","embeddable":true,"href":"https:\/\/www.radioluna.it\/news\/wp-json\/wp\/v2\/categories?post=259191"},{"taxonomy":"post_tag","embeddable":true,"href":"https:\/\/www.radioluna.it\/news\/wp-json\/wp\/v2\/tags?post=259191"}],"curies":[{"name":"wp","href":"https:\/\/api.w.org\/{rel}","templated":true}]}}