{"id":259211,"date":"2019-12-28T08:12:39","date_gmt":"2019-12-28T07:12:39","guid":{"rendered":"https:\/\/www.radioluna.it\/news\/?p=259211"},"modified":"2019-12-30T13:42:17","modified_gmt":"2019-12-30T12:42:17","slug":"a-prossedi-torna-vicoli-di-natale","status":"publish","type":"post","link":"https:\/\/www.radioluna.it\/news\/2019\/12\/a-prossedi-torna-vicoli-di-natale\/","title":{"rendered":"A Prossedi torna Vicoli di Natale"},"content":{"rendered":"<div id=\"fb-root\"><\/div>\n<p style=\"text-align: justify;\"><strong>PROSSEDI<\/strong> &#8211; Torna a Prossedi Vicoli di Natale. Oggi (sabato 28 ) alle 17 il programma, che si realizza nell&#8217;ambito di Lazio delle Meraviglie, prevede cultura, gastronomia e divertimento nel cuore della cittadina sospesa tra le province di Latina e di Frosinone.\u00a0In piazza ci saranno i mercatini e poi, visto che le feste natalizie sono speciali da vivere con la famiglia, ci sar\u00e0 tanto spazio all&#8217;intrattenimento per i pi\u00f9 piccoli con bolle di sapone e i trucca bimbi. Non mancher\u00e0 la gastronomia perch\u00e9 nel percorso tra i Vicoli ci sar\u00e0 la degustazione di polenta, maltagliati con i fagioli, panini con la salsiccia e dolci tipici, senza dimenticare molti prodotti natalizi tipici del periodo ma anche altri prodotti gastronomici locali. Come in ogni evento a Prossedi non mancher\u00e0 l\u2019aspetto culturale e, ad animare la serata, alle 20:30 in piazza del Plebiscito si esibir\u00e0 il coro gospel mentre a seguire in piazza XI febbraio l&#8217;esibizione del Clan del santa Cecilia. Poi un rimando alle antiche tradizioni dove, per saldarsi, nelle piazze era consuetudine accendere fuochi contenuti in appositi bracieri: la stessa cosa verr\u00e0 riproposta anche in occasione di Vicoli di Natale con i fuochi accesi sia in piazza sia davanti la chiesa.<\/p>\n<p style=\"text-align: justify;\">NAVETTE &#8211; Sono a disposizione navette gratuite che faranno la spola tra il parcheggio allestito nella zona del campo sportivo e la piazza principale del paese.<\/p>\n<p>Ad inaugurare l&#8217;appuntamento, alle 17, ci saranno il sindaco Pincivero, il vice sindaco Franco Bonifazi, e i consiglieri Danilo Torella, con delega alla Cultura, e Marilena Iannicola.<\/p>\n<div class=\"radio-posizionamento-telefono-in-articoli-dopo-il-contenuto-articolo radio-entity-placement\" id=\"radio-3101439097\"><div id=\"radio-1997581222\"><a href=\"https:\/\/grupporedi.it\/\" aria-label=\"Redi-Qr\"><img loading=\"lazy\" decoding=\"async\" src=\"https:\/\/www.radioluna.it\/news\/wp-content\/uploads\/2026\/03\/Redi-Qr.jpg\" alt=\"\"  srcset=\"https:\/\/www.radioluna.it\/news\/wp-content\/uploads\/2026\/03\/Redi-Qr.jpg 800w, https:\/\/www.radioluna.it\/news\/wp-content\/uploads\/2026\/03\/Redi-Qr-768x639.jpg 768w\" sizes=\"(max-width: 800px) 100vw, 800px\" width=\"300\" height=\"250\"   \/><\/a><\/div><\/div>","protected":false},"excerpt":{"rendered":"<p>PROSSEDI &#8211; Torna a Prossedi Vicoli di Natale. Oggi (sabato 28 ) alle 17 il programma, che si realizza nell&#8217;ambito di Lazio delle Meraviglie, prevede cultura, gastronomia e divertimento nel cuore della cittadina sospesa tra le province di Latina e di Frosinone.\u00a0In piazza ci saranno i mercatini e poi, visto che le feste natalizie sono [&hellip;]<\/p>\n","protected":false},"author":62,"featured_media":259212,"comment_status":"open","ping_status":"open","sticky":false,"template":"","format":"standard","meta":{"footnotes":""},"categories":[16],"tags":[],"class_list":["post-259211","post","type-post","status-publish","format-standard","has-post-thumbnail","hentry","category-appuntamenti"],"_links":{"self":[{"href":"https:\/\/www.radioluna.it\/news\/wp-json\/wp\/v2\/posts\/259211","targetHints":{"allow":["GET"]}}],"collection":[{"href":"https:\/\/www.radioluna.it\/news\/wp-json\/wp\/v2\/posts"}],"about":[{"href":"https:\/\/www.radioluna.it\/news\/wp-json\/wp\/v2\/types\/post"}],"author":[{"embeddable":true,"href":"https:\/\/www.radioluna.it\/news\/wp-json\/wp\/v2\/users\/62"}],"replies":[{"embeddable":true,"href":"https:\/\/www.radioluna.it\/news\/wp-json\/wp\/v2\/comments?post=259211"}],"version-history":[{"count":0,"href":"https:\/\/www.radioluna.it\/news\/wp-json\/wp\/v2\/posts\/259211\/revisions"}],"wp:featuredmedia":[{"embeddable":true,"href":"https:\/\/www.radioluna.it\/news\/wp-json\/wp\/v2\/media\/259212"}],"wp:attachment":[{"href":"https:\/\/www.radioluna.it\/news\/wp-json\/wp\/v2\/media?parent=259211"}],"wp:term":[{"taxonomy":"category","embeddable":true,"href":"https:\/\/www.radioluna.it\/news\/wp-json\/wp\/v2\/categories?post=259211"},{"taxonomy":"post_tag","embeddable":true,"href":"https:\/\/www.radioluna.it\/news\/wp-json\/wp\/v2\/tags?post=259211"}],"curies":[{"name":"wp","href":"https:\/\/api.w.org\/{rel}","templated":true}]}}