{"id":259282,"date":"2019-12-30T11:33:20","date_gmt":"2019-12-30T10:33:20","guid":{"rendered":"https:\/\/www.radioluna.it\/news\/?p=259282"},"modified":"2019-12-30T18:43:41","modified_gmt":"2019-12-30T17:43:41","slug":"calamita-naturale-arrivano-gli-indennizzi-a-sperlonga-45-milioni-di-euro","status":"publish","type":"post","link":"https:\/\/www.radioluna.it\/news\/2019\/12\/calamita-naturale-arrivano-gli-indennizzi-a-sperlonga-45-milioni-di-euro\/","title":{"rendered":"Calamit\u00e0 naturale, arrivano gli indennizzi. A Sperlonga 4,5 milioni di euro"},"content":{"rendered":"<div id=\"fb-root\"><\/div>\n<p style=\"text-align: justify;\"><strong>SPERLONGA<\/strong> &#8211; Arrivano gli indennizzi per la calamit\u00e0 naturale del 28 e 29 ottobre 2018 quando un uragano sconvolse Terracina e i comuni vicini. Il Dipartimento della Protezione Civile della Regione Lazio ha confermando che entro il 10 gennaio saranno trasferiti ai Comuni, i finanziamenti relativi . Per Sperlonga si tratta di 4.5 milioni di euro. A comunicarlo \u00e8 l\u2019assessore all\u2019Assetto del Territorio Stefano D&#8217;Arcangelo.<\/p>\n<p style=\"text-align: justify;\">&#8220;I contributi finanziari riguardano in particolare le aziende agricole, le attivit\u00e0 balneari, le abitazioni danneggiate nonch\u00e9 le infrastrutture pubbliche &#8211; si legge in una nota del Comune &#8211;\u00a0 E\u2019 questo un sospiro di sollievo per tutti ed in particolare per le imprese che aspettavano con ansia e preoccupazione questo provvedimento regionale per poter rilanciare le proprie attivit\u00e0 produttive e occupazionali. Da questo provvedimento il Comune di \u00a0Sperlonga, tra i comuni maggiormente colpiti, otterr\u00e0 complessivamente circa 4,5 milioni di euro cos\u00ec suddivisi: Attivit\u00e0 Produttive \u00a0\u20ac. 3.735.000,00\u00a0 &#8211; Abitazioni civili e rurali \u20ac. 243.000,00 &#8211; Infrastrutture pubbliche comunali \u20ac 512.000,00&#8221;.<\/p>\n<p style=\"text-align: justify;\">Una volta trasferiti ai Comuni, i finanziamenti a favore dei soggetti beneficiari saranno erogati dopo le dovute verifiche della documentazione dei preventivi e delle spese effettuate dai soggetti interessati.<\/p>\n<p>&nbsp;<\/p>\n<div class=\"radio-posizionamento-telefono-in-articoli-dopo-il-contenuto-articolo radio-entity-placement\" id=\"radio-486580107\"><div id=\"radio-2196014493\" style=\"width: 300px;height: 250px;\"><a href=\"https:\/\/www.icarspa.it\/auto\/usate\/latina\/\" aria-label=\"banner aprile icar new life &#8211; auto usate latina\"><img loading=\"lazy\" decoding=\"async\" src=\"https:\/\/www.radioluna.it\/news\/wp-content\/uploads\/2026\/02\/banner-aprile-icar-new-life-auto-usate-latina.gif\" alt=\"\"  width=\"300\" height=\"250\"   \/><\/a><\/div><\/div>","protected":false},"excerpt":{"rendered":"<p>SPERLONGA &#8211; Arrivano gli indennizzi per la calamit\u00e0 naturale del 28 e 29 ottobre 2018 quando un uragano sconvolse Terracina e i comuni vicini. Il Dipartimento della Protezione Civile della Regione Lazio ha confermando che entro il 10 gennaio saranno trasferiti ai Comuni, i finanziamenti relativi . Per Sperlonga si tratta di 4.5 milioni di [&hellip;]<\/p>\n","protected":false},"author":62,"featured_media":259283,"comment_status":"open","ping_status":"open","sticky":false,"template":"","format":"standard","meta":{"footnotes":""},"categories":[7],"tags":[],"class_list":["post-259282","post","type-post","status-publish","format-standard","has-post-thumbnail","hentry","category-cronaca"],"_links":{"self":[{"href":"https:\/\/www.radioluna.it\/news\/wp-json\/wp\/v2\/posts\/259282","targetHints":{"allow":["GET"]}}],"collection":[{"href":"https:\/\/www.radioluna.it\/news\/wp-json\/wp\/v2\/posts"}],"about":[{"href":"https:\/\/www.radioluna.it\/news\/wp-json\/wp\/v2\/types\/post"}],"author":[{"embeddable":true,"href":"https:\/\/www.radioluna.it\/news\/wp-json\/wp\/v2\/users\/62"}],"replies":[{"embeddable":true,"href":"https:\/\/www.radioluna.it\/news\/wp-json\/wp\/v2\/comments?post=259282"}],"version-history":[{"count":0,"href":"https:\/\/www.radioluna.it\/news\/wp-json\/wp\/v2\/posts\/259282\/revisions"}],"wp:featuredmedia":[{"embeddable":true,"href":"https:\/\/www.radioluna.it\/news\/wp-json\/wp\/v2\/media\/259283"}],"wp:attachment":[{"href":"https:\/\/www.radioluna.it\/news\/wp-json\/wp\/v2\/media?parent=259282"}],"wp:term":[{"taxonomy":"category","embeddable":true,"href":"https:\/\/www.radioluna.it\/news\/wp-json\/wp\/v2\/categories?post=259282"},{"taxonomy":"post_tag","embeddable":true,"href":"https:\/\/www.radioluna.it\/news\/wp-json\/wp\/v2\/tags?post=259282"}],"curies":[{"name":"wp","href":"https:\/\/api.w.org\/{rel}","templated":true}]}}