{"id":259403,"date":"2020-01-05T08:00:35","date_gmt":"2020-01-05T07:00:35","guid":{"rendered":"https:\/\/www.radioluna.it\/news\/?p=259403"},"modified":"2020-01-07T08:22:29","modified_gmt":"2020-01-07T07:22:29","slug":"a-latina-non-solo-befana-dalla-torre-comunale-ci-sara-anche-un-salvataggio","status":"publish","type":"post","link":"https:\/\/www.radioluna.it\/news\/2020\/01\/a-latina-non-solo-befana-dalla-torre-comunale-ci-sara-anche-un-salvataggio\/","title":{"rendered":"A Latina, non solo Befana dalla Torre comunale, ci sar\u00e0 anche un &#8220;salvataggio&#8221;"},"content":{"rendered":"<div id=\"fb-root\"><\/div>\n<p style=\"text-align: justify;\"><strong>LATINA<\/strong> &#8211; Domenica 5 gennaio 2020, in Piazza del Popolo, torna il tradizionale appuntamento con la Befana che si caler\u00e0 dalla torre civica del Comune per incontrare i bambini della citt\u00e0 e distribuire dolciumi e caramelle. La Befana scender\u00e0 in piazza aiutata dai vigili del fuoco del Comando provinciale di Latina che si cimenteranno, novit\u00e0 di questa edizione, anche in un rocambolesco \u201csalvataggio\u201d.<\/p>\n<p style=\"text-align: justify;\">Una volta atterrata, la vecchina tirer\u00e0 fuori dal suo sacco dolci e caramelle per donarli a tutti i bimbi presenti.<\/p>\n<p style=\"text-align: justify;\">L\u2019evento, gratuito, si terr\u00e0 a partire dalle ore 18.00 organizzato dal Comune di Latina in collaborazione con i Vigili del Fuoco del Comando provinciale. Tutta la cittadinanza \u00e8 invitata a partecipare.<\/p>\n<p style=\"text-align: justify;\">E quest&#8217;anno dal\u00a0 4 al 6 gennaio nel centro storico di Latina torner\u00e0 anche la tradizionale Fiera della Befana. Tra Corso della Repubblica, Piazza del Popolo, Via Emanuele Filiberto e Via Duca del Mare 27 bancarelle con dolciumi, giocattoli e libri per bambini. &#8220;Un ultimo appuntamento per salutare con il sorriso le festivit\u00e0 natalizie 2019-2020&#8221;, dicono dal Comune.<\/p>\n","protected":false},"excerpt":{"rendered":"<p>LATINA &#8211; Domenica 5 gennaio 2020, in Piazza del Popolo, torna il tradizionale appuntamento con la Befana che si caler\u00e0 dalla torre civica del Comune per incontrare i bambini della citt\u00e0 e distribuire dolciumi e caramelle. La Befana scender\u00e0 in piazza aiutata dai vigili del fuoco del Comando provinciale di Latina che si cimenteranno, novit\u00e0 [&hellip;]<\/p>\n","protected":false},"author":62,"featured_media":237433,"comment_status":"open","ping_status":"open","sticky":false,"template":"","format":"standard","meta":{"footnotes":""},"categories":[16],"tags":[],"class_list":["post-259403","post","type-post","status-publish","format-standard","has-post-thumbnail","hentry","category-appuntamenti"],"_links":{"self":[{"href":"https:\/\/www.radioluna.it\/news\/wp-json\/wp\/v2\/posts\/259403","targetHints":{"allow":["GET"]}}],"collection":[{"href":"https:\/\/www.radioluna.it\/news\/wp-json\/wp\/v2\/posts"}],"about":[{"href":"https:\/\/www.radioluna.it\/news\/wp-json\/wp\/v2\/types\/post"}],"author":[{"embeddable":true,"href":"https:\/\/www.radioluna.it\/news\/wp-json\/wp\/v2\/users\/62"}],"replies":[{"embeddable":true,"href":"https:\/\/www.radioluna.it\/news\/wp-json\/wp\/v2\/comments?post=259403"}],"version-history":[{"count":0,"href":"https:\/\/www.radioluna.it\/news\/wp-json\/wp\/v2\/posts\/259403\/revisions"}],"wp:featuredmedia":[{"embeddable":true,"href":"https:\/\/www.radioluna.it\/news\/wp-json\/wp\/v2\/media\/237433"}],"wp:attachment":[{"href":"https:\/\/www.radioluna.it\/news\/wp-json\/wp\/v2\/media?parent=259403"}],"wp:term":[{"taxonomy":"category","embeddable":true,"href":"https:\/\/www.radioluna.it\/news\/wp-json\/wp\/v2\/categories?post=259403"},{"taxonomy":"post_tag","embeddable":true,"href":"https:\/\/www.radioluna.it\/news\/wp-json\/wp\/v2\/tags?post=259403"}],"curies":[{"name":"wp","href":"https:\/\/api.w.org\/{rel}","templated":true}]}}