{"id":259409,"date":"2020-01-02T15:01:15","date_gmt":"2020-01-02T14:01:15","guid":{"rendered":"https:\/\/www.radioluna.it\/news\/?p=259409"},"modified":"2020-01-10T13:38:09","modified_gmt":"2020-01-10T12:38:09","slug":"a-priverno-con-befane-e-briganti-tra-scope-e-bici-volanti","status":"publish","type":"post","link":"https:\/\/www.radioluna.it\/news\/2020\/01\/a-priverno-con-befane-e-briganti-tra-scope-e-bici-volanti\/","title":{"rendered":"A Priverno con Befane e Briganti tra scope e &#8230;bici volanti"},"content":{"rendered":"<div id=\"fb-root\"><\/div>\n<p style=\"text-align: justify;\"><strong>PRIVERNO<\/strong> &#8211; Il 6 gennaio Priverno festegger\u00e0 la Befana inaugurando la Ludoteca \u201cLucignolo\u201d, ma non solo. Nella palazzina di Piazzale Metabo, nell\u2019ex scuola dell\u2019infanzia, il programma prender\u00e0 il via alle ore 15,15 con il raduno di befane in bicicletta (a cura di Pisolo Bike), pi\u00f9 di 50\u00a0 befane su due ruote che si muoveranno tra vicoli e strade del paese regalando dolci e allegria.<\/p>\n<p style=\"text-align: justify;\">Alle ore 15,30 inizia la Caccia al Regalo, una caccia al tesoro itinerante guidata dagli allegri musicisti Briganti dell\u2019Appia che tra stornelli e indovinelli ci accompagneranno nel magico mondo dei Balocchi.<\/p>\n<p style=\"text-align: justify;\">Alle ore 16,00 l\u2019atteso taglio del nastro per la Ludoteca Comunale \u201cLucignolo\u201d, Piazzale Metabo a cura dell\u2019Amministrazione Comunale.<\/p>\n<p style=\"text-align: justify;\">Seguir\u00e0 , alle ore 18,00 la discesa della vecchietta dalla Casa Comunale, a cura di Tiziana Pietrobono, Ass.Gruppo Arte Libera. &#8220;Pensate che sia un fantoccio? O una bambola di pezza? Vi sbagliate cari amici, lei \u00e8 vera, \u00e8 reale, \u00e8 la Befana che vola dal Palazzo Comunale!&#8221;, \u00e8 la promessa.<\/p>\n<div class=\"radio-posizionamento-telefono-in-articoli-dopo-il-contenuto-articolo radio-entity-placement\" id=\"radio-2263549193\"><div id=\"radio-2976502779\"><a href=\"https:\/\/www.simeoneceramiche.com\/\" aria-label=\"SIMEONE CERAMICHE GIF animata per radioluna_Tavola disegno 1 copia 2 (online-video-cutter.com)\"><img loading=\"lazy\" decoding=\"async\" src=\"https:\/\/www.radioluna.it\/news\/wp-content\/uploads\/2025\/05\/SIMEONE-CERAMICHE-GIF-animata-per-radioluna_Tavola-disegno-1-copia-2-online-video-cutter.com_.gif\" alt=\"\"  width=\"300\" height=\"250\"   \/><\/a><\/div><\/div>","protected":false},"excerpt":{"rendered":"<p>PRIVERNO &#8211; Il 6 gennaio Priverno festegger\u00e0 la Befana inaugurando la Ludoteca \u201cLucignolo\u201d, ma non solo. Nella palazzina di Piazzale Metabo, nell\u2019ex scuola dell\u2019infanzia, il programma prender\u00e0 il via alle ore 15,15 con il raduno di befane in bicicletta (a cura di Pisolo Bike), pi\u00f9 di 50\u00a0 befane su due ruote che si muoveranno tra [&hellip;]<\/p>\n","protected":false},"author":62,"featured_media":259411,"comment_status":"open","ping_status":"open","sticky":false,"template":"","format":"standard","meta":{"footnotes":""},"categories":[16],"tags":[],"class_list":["post-259409","post","type-post","status-publish","format-standard","has-post-thumbnail","hentry","category-appuntamenti"],"_links":{"self":[{"href":"https:\/\/www.radioluna.it\/news\/wp-json\/wp\/v2\/posts\/259409","targetHints":{"allow":["GET"]}}],"collection":[{"href":"https:\/\/www.radioluna.it\/news\/wp-json\/wp\/v2\/posts"}],"about":[{"href":"https:\/\/www.radioluna.it\/news\/wp-json\/wp\/v2\/types\/post"}],"author":[{"embeddable":true,"href":"https:\/\/www.radioluna.it\/news\/wp-json\/wp\/v2\/users\/62"}],"replies":[{"embeddable":true,"href":"https:\/\/www.radioluna.it\/news\/wp-json\/wp\/v2\/comments?post=259409"}],"version-history":[{"count":0,"href":"https:\/\/www.radioluna.it\/news\/wp-json\/wp\/v2\/posts\/259409\/revisions"}],"wp:featuredmedia":[{"embeddable":true,"href":"https:\/\/www.radioluna.it\/news\/wp-json\/wp\/v2\/media\/259411"}],"wp:attachment":[{"href":"https:\/\/www.radioluna.it\/news\/wp-json\/wp\/v2\/media?parent=259409"}],"wp:term":[{"taxonomy":"category","embeddable":true,"href":"https:\/\/www.radioluna.it\/news\/wp-json\/wp\/v2\/categories?post=259409"},{"taxonomy":"post_tag","embeddable":true,"href":"https:\/\/www.radioluna.it\/news\/wp-json\/wp\/v2\/tags?post=259409"}],"curies":[{"name":"wp","href":"https:\/\/api.w.org\/{rel}","templated":true}]}}