{"id":259439,"date":"2020-01-02T18:46:47","date_gmt":"2020-01-02T17:46:47","guid":{"rendered":"https:\/\/www.radioluna.it\/news\/?p=259439"},"modified":"2020-01-02T18:46:47","modified_gmt":"2020-01-02T17:46:47","slug":"lalbero-di-natale-vecchio-a-latina-si-ricicla-liniziativa-di-abc","status":"publish","type":"post","link":"https:\/\/www.radioluna.it\/news\/2020\/01\/lalbero-di-natale-vecchio-a-latina-si-ricicla-liniziativa-di-abc\/","title":{"rendered":"L&#8217;albero di Natale vecchio a Latina si ricicla: l&#8217;iniziativa di Abc"},"content":{"rendered":"<div id=\"fb-root\"><\/div>\n<p style=\"text-align: justify;\"><strong>LATINA<\/strong> &#8211;\u00a0Torna anche quest&#8217;anno la raccolta straordinaria di Alberi di Natale, promossa dall&#8217;Azienda ABC Latina e dall&#8217;Assessorato all&#8217;Ambiente del Comune di Latina. Un&#8217;iniziativa gratuita che si terr\u00e0 marted\u00ec 7 e mercoled\u00ec 8 gennaio dalle ore 8:00 allre ore 17:00 presso il Parco San Marco, lato antistante il Padiglione Porfiri dell&#8217;ospedale Santa Maria Goretti di Latina.<\/p>\n<p style=\"text-align: justify;\">I cittadini\u00a0 &#8211; si legge in una nota dell&#8217;Azienda per i beni Comuni &#8211; potranno consegnare i loro alberi natalizi, naturali e sintetici, che seguiranno tre diverse destinazioni di riciclo e\/o smaltimento. Gli alberi naturali che verrano giudicati ancora con buone capacit\u00e0 di attecchimento da un tecnico agronomo, saranno trapiantati la settimana successiva alla raccolta in aree verdi del Comune. In alternativa, alcuni degli stessi alberi potranno essere trasportati e ripiantati presso vivai privati e pubblici che si sono resi disponibili. Gli alberi in avanzato stato di disseccamento seguiranno\u00a0 invece la strada del compostaggio al fine di ottenere un ammendante organico utile per le nuove piantumazioni. Gli alberi sintetici e artificiali, che sono realizzati con materiale non riciclabile, verranno presi in carico da ABC cos\u00ec come avviene per i rifiuti ingombranti, per non farli finire nei rifiuti indifferenziati.<\/p>\n<p style=\"text-align: justify;\">Si invitano gli utenti interessati a usufruire del servizio a recarsi nell&#8217;apposita postazione. Si ricorda, inoltre, che dal 9 gennaio 2020 i cittadini potranno comunque usufruire delle Isole ecologiche fisse ed itineranti per lo smaltimento degli alberi.<\/p>\n<p>&nbsp;<\/p>\n<div class=\"radio-posizionamento-telefono-in-articoli-dopo-il-contenuto-articolo radio-entity-placement\" id=\"radio-222592602\"><div id=\"radio-831736663\"><a href=\"https:\/\/grupporedi.it\/\" aria-label=\"Redi-Qr\"><img loading=\"lazy\" decoding=\"async\" src=\"https:\/\/www.radioluna.it\/news\/wp-content\/uploads\/2026\/03\/Redi-Qr.jpg\" alt=\"\"  srcset=\"https:\/\/www.radioluna.it\/news\/wp-content\/uploads\/2026\/03\/Redi-Qr.jpg 800w, https:\/\/www.radioluna.it\/news\/wp-content\/uploads\/2026\/03\/Redi-Qr-768x639.jpg 768w\" sizes=\"(max-width: 800px) 100vw, 800px\" width=\"300\" height=\"250\"   \/><\/a><\/div><\/div>","protected":false},"excerpt":{"rendered":"<p>LATINA &#8211;\u00a0Torna anche quest&#8217;anno la raccolta straordinaria di Alberi di Natale, promossa dall&#8217;Azienda ABC Latina e dall&#8217;Assessorato all&#8217;Ambiente del Comune di Latina. Un&#8217;iniziativa gratuita che si terr\u00e0 marted\u00ec 7 e mercoled\u00ec 8 gennaio dalle ore 8:00 allre ore 17:00 presso il Parco San Marco, lato antistante il Padiglione Porfiri dell&#8217;ospedale Santa Maria Goretti di Latina. [&hellip;]<\/p>\n","protected":false},"author":60,"featured_media":213036,"comment_status":"open","ping_status":"open","sticky":false,"template":"","format":"standard","meta":{"footnotes":""},"categories":[735],"tags":[],"class_list":["post-259439","post","type-post","status-publish","format-standard","has-post-thumbnail","hentry","category-attualita"],"_links":{"self":[{"href":"https:\/\/www.radioluna.it\/news\/wp-json\/wp\/v2\/posts\/259439","targetHints":{"allow":["GET"]}}],"collection":[{"href":"https:\/\/www.radioluna.it\/news\/wp-json\/wp\/v2\/posts"}],"about":[{"href":"https:\/\/www.radioluna.it\/news\/wp-json\/wp\/v2\/types\/post"}],"author":[{"embeddable":true,"href":"https:\/\/www.radioluna.it\/news\/wp-json\/wp\/v2\/users\/60"}],"replies":[{"embeddable":true,"href":"https:\/\/www.radioluna.it\/news\/wp-json\/wp\/v2\/comments?post=259439"}],"version-history":[{"count":0,"href":"https:\/\/www.radioluna.it\/news\/wp-json\/wp\/v2\/posts\/259439\/revisions"}],"wp:featuredmedia":[{"embeddable":true,"href":"https:\/\/www.radioluna.it\/news\/wp-json\/wp\/v2\/media\/213036"}],"wp:attachment":[{"href":"https:\/\/www.radioluna.it\/news\/wp-json\/wp\/v2\/media?parent=259439"}],"wp:term":[{"taxonomy":"category","embeddable":true,"href":"https:\/\/www.radioluna.it\/news\/wp-json\/wp\/v2\/categories?post=259439"},{"taxonomy":"post_tag","embeddable":true,"href":"https:\/\/www.radioluna.it\/news\/wp-json\/wp\/v2\/tags?post=259439"}],"curies":[{"name":"wp","href":"https:\/\/api.w.org\/{rel}","templated":true}]}}