{"id":259451,"date":"2020-01-02T19:07:35","date_gmt":"2020-01-02T18:07:35","guid":{"rendered":"https:\/\/www.radioluna.it\/news\/?p=259451"},"modified":"2020-01-10T13:38:02","modified_gmt":"2020-01-10T12:38:02","slug":"a-pontinia-la-befana-vien-di-giorno","status":"publish","type":"post","link":"https:\/\/www.radioluna.it\/news\/2020\/01\/a-pontinia-la-befana-vien-di-giorno\/","title":{"rendered":"A Pontinia la Befana vien di giorno"},"content":{"rendered":"<div id=\"fb-root\"><\/div>\n<p style=\"text-align: justify;\"><strong>PONTINIA &#8211;<\/strong> Fervono i preparativi a Pontinia per la \u201cBefana vien di giorno\u201d, un\u2019iniziativa di beneficenza organizzata dal comitato di commercianti &#8220;La Piazza&#8221; in collaborazione con l\u2019Uisp di Latina. Si tratta di una camminata ludico motoria di circa 5 km per le vie del centro, introdotta dalla sfilata delle majorettes &#8220;White Flower&#8221;. L\u2019iscrizione, al costo simbolico di 5 euro, comprende consumazioni di minestra, acqua e cioccolata calda, ma soprattutto servir\u00e0 ad aiutare Fabio, un giovane che necessita di protesi di ultima generazione per i suoi arti. L\u2019appuntamento, patrocinato dal Comune di Pontinia, \u00e8 alle 10.30 del 6 gennaio in via Cesare Battisti. Alla fine, in piazza Indipendenza, arriver\u00e0 la Befana per consegnare doni ai bambini presenti e ci sar\u00e0 anche una lotteria con l&#8217;estrazione di ricchi premi. Le iscrizioni si effettuano presso \u201cLombardi Sport\u201d in via Monte Grappa, ma sono possibili anche sul posto prima della partenza.<\/p>\n<p>&nbsp;<\/p>\n<div class=\"radio-posizionamento-telefono-in-articoli-dopo-il-contenuto-articolo radio-entity-placement\" id=\"radio-2052526155\"><div id=\"radio-2423149555\" style=\"width: 300px;height: 250px;\"><a href=\"https:\/\/www.icarspa.it\/auto\/usate\/latina\/\" aria-label=\"banner aprile icar new life &#8211; auto usate latina\"><img loading=\"lazy\" decoding=\"async\" src=\"https:\/\/www.radioluna.it\/news\/wp-content\/uploads\/2026\/02\/banner-aprile-icar-new-life-auto-usate-latina.gif\" alt=\"\"  width=\"300\" height=\"250\"   \/><\/a><\/div><\/div>","protected":false},"excerpt":{"rendered":"<p>PONTINIA &#8211; Fervono i preparativi a Pontinia per la \u201cBefana vien di giorno\u201d, un\u2019iniziativa di beneficenza organizzata dal comitato di commercianti &#8220;La Piazza&#8221; in collaborazione con l\u2019Uisp di Latina. Si tratta di una camminata ludico motoria di circa 5 km per le vie del centro, introdotta dalla sfilata delle majorettes &#8220;White Flower&#8221;. L\u2019iscrizione, al costo [&hellip;]<\/p>\n","protected":false},"author":5430,"featured_media":259452,"comment_status":"open","ping_status":"open","sticky":false,"template":"","format":"standard","meta":{"footnotes":""},"categories":[16],"tags":[],"class_list":["post-259451","post","type-post","status-publish","format-standard","has-post-thumbnail","hentry","category-appuntamenti"],"_links":{"self":[{"href":"https:\/\/www.radioluna.it\/news\/wp-json\/wp\/v2\/posts\/259451","targetHints":{"allow":["GET"]}}],"collection":[{"href":"https:\/\/www.radioluna.it\/news\/wp-json\/wp\/v2\/posts"}],"about":[{"href":"https:\/\/www.radioluna.it\/news\/wp-json\/wp\/v2\/types\/post"}],"author":[{"embeddable":true,"href":"https:\/\/www.radioluna.it\/news\/wp-json\/wp\/v2\/users\/5430"}],"replies":[{"embeddable":true,"href":"https:\/\/www.radioluna.it\/news\/wp-json\/wp\/v2\/comments?post=259451"}],"version-history":[{"count":0,"href":"https:\/\/www.radioluna.it\/news\/wp-json\/wp\/v2\/posts\/259451\/revisions"}],"wp:featuredmedia":[{"embeddable":true,"href":"https:\/\/www.radioluna.it\/news\/wp-json\/wp\/v2\/media\/259452"}],"wp:attachment":[{"href":"https:\/\/www.radioluna.it\/news\/wp-json\/wp\/v2\/media?parent=259451"}],"wp:term":[{"taxonomy":"category","embeddable":true,"href":"https:\/\/www.radioluna.it\/news\/wp-json\/wp\/v2\/categories?post=259451"},{"taxonomy":"post_tag","embeddable":true,"href":"https:\/\/www.radioluna.it\/news\/wp-json\/wp\/v2\/tags?post=259451"}],"curies":[{"name":"wp","href":"https:\/\/api.w.org\/{rel}","templated":true}]}}