{"id":259472,"date":"2020-01-02T19:23:15","date_gmt":"2020-01-02T18:23:15","guid":{"rendered":"https:\/\/www.radioluna.it\/news\/?p=259472"},"modified":"2020-01-03T08:27:10","modified_gmt":"2020-01-03T07:27:10","slug":"aperto-il-dormitorio-comunale-di-aprilia","status":"publish","type":"post","link":"https:\/\/www.radioluna.it\/news\/2020\/01\/aperto-il-dormitorio-comunale-di-aprilia\/","title":{"rendered":"Aperto il dormitorio comunale di Aprilia"},"content":{"rendered":"<div id=\"fb-root\"><\/div>\n<p style=\"text-align: justify;\"><strong>APRILIA<\/strong> &#8211; E&#8217;\u00a0 stato aperto il dormitorio per l&#8217;emergenza freddo di Aprilia, a carattere distrettuale, che quest\u2019anno \u00e8 gestito dalla cooperativa sociale Astrolabio. Il dormitorio ubicato come gli scorsi anni presso l&#8217;autoparco comunale di viale Europa, rimarr\u00e0 attivo fino al prossimo 31 marzo 2020 e avr\u00e0 la capacit\u00e0 di accogliere fino a 21 persone, anche donne laddove necessario, in luogo debitamente separato. L\u2019orario di apertura \u00e8 dalle ore 18,00 alle ore 8,00.<\/p>\n<p style=\"text-align: justify;\">Il montaggio delle tende \u00e8 stato effettuato nel corso del week-end precedente dall&#8217;Associazione di Protezione Civile Alfa. Al dormitorio si affianca l\u2019attivit\u00e0 della Croce Rossa, che tramite Unit\u00e0 di Strada, provvede alla distribuzione di bevande calde, coperte ed assistenza sanitaria laddove servisse. A queste attivit\u00e0 si aggiunge, da luned\u00ec, anche la possibilit\u00e0 di accompagnare alcuni di essi presso il dormitorio.<\/p>\n<p style=\"text-align: justify;\">Luned\u00ec sera, per l&#8217;apertura del dormitorio invernale, il sindaco Antonio Terra, l&#8217;Assessora Francesca Barbaliscia, il Consigliere Omar Ruberti e il dirigente del terzo settore Vincenzo Cucciardi hanno fatto visita all\u2019autoparco comunale, mentre il vicario del Vescovo per la Citt\u00e0 di Aprilia, don Alessandro Saputo, ha accompagnato l\u2019avvio dell\u2019attivit\u00e0 di assistenza ai pi\u00f9 bisognosi con un momento di preghiera e la benedizione.<\/p>\n<p style=\"text-align: justify;\">\u201cVogliamo ringraziare le tantissime realt\u00e0 associative cittadine, i gruppi di protezione civile e le Caritas parrocchiali, che anche quest\u2019anno hanno scelto di lavorare in rete per offrire supporto alla cooperativa Astrolabio e assicurare un letto e un pasto caldo ai cittadini meno fortunati \u2013 afferma l\u2019Assessora Barbaliscia \u2013 \u00e8 anche grazie a loro che siamo riusciti ad aprire la struttura di viale Europa proprio in coincidenza della prima ondata di freddo e questo \u00e8 sicuramente una buona notizia\u201d.<\/p>\n<p style=\"text-align: justify;\">Prima di recarsi al dormitorio debitamente riscaldato, i cittadini che ne avessero bisogno potranno ricevere gratuitamente un pasto caldo presso la mensa di via Lione, gestita dall\u2019Associazione R2 Executive Team. Ogni mattina, invece, saranno distribuiti loro alcuni viveri messi a disposizione del Banco Alimentare del Lazio.<\/p>\n<div class=\"radio-posizionamento-telefono-in-articoli-dopo-il-contenuto-articolo radio-entity-placement\" id=\"radio-208018924\"><div id=\"radio-743383819\" style=\"width: 300px;height: 250px;\"><a href=\"https:\/\/www.icarspa.it\/auto\/usate\/latina\/\" aria-label=\"banner aprile icar new life &#8211; auto usate latina\"><img loading=\"lazy\" decoding=\"async\" src=\"https:\/\/www.radioluna.it\/news\/wp-content\/uploads\/2026\/02\/banner-aprile-icar-new-life-auto-usate-latina.gif\" alt=\"\"  width=\"300\" height=\"250\"   \/><\/a><\/div><\/div>","protected":false},"excerpt":{"rendered":"<p>APRILIA &#8211; E&#8217;\u00a0 stato aperto il dormitorio per l&#8217;emergenza freddo di Aprilia, a carattere distrettuale, che quest\u2019anno \u00e8 gestito dalla cooperativa sociale Astrolabio. Il dormitorio ubicato come gli scorsi anni presso l&#8217;autoparco comunale di viale Europa, rimarr\u00e0 attivo fino al prossimo 31 marzo 2020 e avr\u00e0 la capacit\u00e0 di accogliere fino a 21 persone, anche [&hellip;]<\/p>\n","protected":false},"author":60,"featured_media":259473,"comment_status":"open","ping_status":"open","sticky":false,"template":"","format":"standard","meta":{"footnotes":""},"categories":[7],"tags":[],"class_list":["post-259472","post","type-post","status-publish","format-standard","has-post-thumbnail","hentry","category-cronaca"],"_links":{"self":[{"href":"https:\/\/www.radioluna.it\/news\/wp-json\/wp\/v2\/posts\/259472","targetHints":{"allow":["GET"]}}],"collection":[{"href":"https:\/\/www.radioluna.it\/news\/wp-json\/wp\/v2\/posts"}],"about":[{"href":"https:\/\/www.radioluna.it\/news\/wp-json\/wp\/v2\/types\/post"}],"author":[{"embeddable":true,"href":"https:\/\/www.radioluna.it\/news\/wp-json\/wp\/v2\/users\/60"}],"replies":[{"embeddable":true,"href":"https:\/\/www.radioluna.it\/news\/wp-json\/wp\/v2\/comments?post=259472"}],"version-history":[{"count":0,"href":"https:\/\/www.radioluna.it\/news\/wp-json\/wp\/v2\/posts\/259472\/revisions"}],"wp:featuredmedia":[{"embeddable":true,"href":"https:\/\/www.radioluna.it\/news\/wp-json\/wp\/v2\/media\/259473"}],"wp:attachment":[{"href":"https:\/\/www.radioluna.it\/news\/wp-json\/wp\/v2\/media?parent=259472"}],"wp:term":[{"taxonomy":"category","embeddable":true,"href":"https:\/\/www.radioluna.it\/news\/wp-json\/wp\/v2\/categories?post=259472"},{"taxonomy":"post_tag","embeddable":true,"href":"https:\/\/www.radioluna.it\/news\/wp-json\/wp\/v2\/tags?post=259472"}],"curies":[{"name":"wp","href":"https:\/\/api.w.org\/{rel}","templated":true}]}}