{"id":259486,"date":"2020-01-03T11:11:10","date_gmt":"2020-01-03T10:11:10","guid":{"rendered":"https:\/\/www.radioluna.it\/news\/?p=259486"},"modified":"2020-01-03T17:53:53","modified_gmt":"2020-01-03T16:53:53","slug":"scossa-di-terremoto-a-sermoneta-avvertita-anche-a-latina","status":"publish","type":"post","link":"https:\/\/www.radioluna.it\/news\/2020\/01\/scossa-di-terremoto-a-sermoneta-avvertita-anche-a-latina\/","title":{"rendered":"Scossa di terremoto a Sermoneta, avvertita anche a Latina"},"content":{"rendered":"<div id=\"fb-root\"><\/div>\n<p style=\"text-align: justify;\"><strong>SERMONETA<\/strong> &#8211; Un terremoto di magnitudo 2.6 \u00e8 avvenuto nella zona di Sermoneta, a circa 2 km dall&#8217;abitato, intorno alle 10,15 di questa mattina, ad una profondit\u00e0 di 8 km. Il terremoto \u00e8 stato localizzato dalla Sala Sismica INGV di Roma.<\/p>\n<p>La scossa \u00e8 stata avvertita oltre che nella citt\u00e0 lepina, in quelle vicine di\u00a0 Norma, Bassiano, Sezze e anche Latina oltre che sulla dorsale dei Colli Romani.<\/p>\n<div class=\"radio-posizionamento-telefono-in-articoli-dopo-il-contenuto-articolo radio-entity-placement\" id=\"radio-2279466132\"><div id=\"radio-3088390506\"><a href=\"https:\/\/grupporedi.it\/\" aria-label=\"Redi-Qr\"><img loading=\"lazy\" decoding=\"async\" src=\"https:\/\/www.radioluna.it\/news\/wp-content\/uploads\/2026\/03\/Redi-Qr.jpg\" alt=\"\"  srcset=\"https:\/\/www.radioluna.it\/news\/wp-content\/uploads\/2026\/03\/Redi-Qr.jpg 800w, https:\/\/www.radioluna.it\/news\/wp-content\/uploads\/2026\/03\/Redi-Qr-768x639.jpg 768w\" sizes=\"(max-width: 800px) 100vw, 800px\" width=\"300\" height=\"250\"   \/><\/a><\/div><\/div>","protected":false},"excerpt":{"rendered":"<p>SERMONETA &#8211; Un terremoto di magnitudo 2.6 \u00e8 avvenuto nella zona di Sermoneta, a circa 2 km dall&#8217;abitato, intorno alle 10,15 di questa mattina, ad una profondit\u00e0 di 8 km. Il terremoto \u00e8 stato localizzato dalla Sala Sismica INGV di Roma. La scossa \u00e8 stata avvertita oltre che nella citt\u00e0 lepina, in quelle vicine di\u00a0 [&hellip;]<\/p>\n","protected":false},"author":62,"featured_media":0,"comment_status":"open","ping_status":"open","sticky":false,"template":"","format":"standard","meta":{"footnotes":""},"categories":[7],"tags":[],"class_list":["post-259486","post","type-post","status-publish","format-standard","hentry","category-cronaca"],"_links":{"self":[{"href":"https:\/\/www.radioluna.it\/news\/wp-json\/wp\/v2\/posts\/259486","targetHints":{"allow":["GET"]}}],"collection":[{"href":"https:\/\/www.radioluna.it\/news\/wp-json\/wp\/v2\/posts"}],"about":[{"href":"https:\/\/www.radioluna.it\/news\/wp-json\/wp\/v2\/types\/post"}],"author":[{"embeddable":true,"href":"https:\/\/www.radioluna.it\/news\/wp-json\/wp\/v2\/users\/62"}],"replies":[{"embeddable":true,"href":"https:\/\/www.radioluna.it\/news\/wp-json\/wp\/v2\/comments?post=259486"}],"version-history":[{"count":0,"href":"https:\/\/www.radioluna.it\/news\/wp-json\/wp\/v2\/posts\/259486\/revisions"}],"wp:attachment":[{"href":"https:\/\/www.radioluna.it\/news\/wp-json\/wp\/v2\/media?parent=259486"}],"wp:term":[{"taxonomy":"category","embeddable":true,"href":"https:\/\/www.radioluna.it\/news\/wp-json\/wp\/v2\/categories?post=259486"},{"taxonomy":"post_tag","embeddable":true,"href":"https:\/\/www.radioluna.it\/news\/wp-json\/wp\/v2\/tags?post=259486"}],"curies":[{"name":"wp","href":"https:\/\/api.w.org\/{rel}","templated":true}]}}