{"id":259722,"date":"2020-01-07T17:34:05","date_gmt":"2020-01-07T16:34:05","guid":{"rendered":"https:\/\/www.radioluna.it\/news\/?p=259722"},"modified":"2020-01-07T17:34:05","modified_gmt":"2020-01-07T16:34:05","slug":"a-latina-iscrizioni-alla-mensa-scolastica-anticipate-di-6-mesi-apriranno-il-14-gennaio","status":"publish","type":"post","link":"https:\/\/www.radioluna.it\/news\/2020\/01\/a-latina-iscrizioni-alla-mensa-scolastica-anticipate-di-6-mesi-apriranno-il-14-gennaio\/","title":{"rendered":"A Latina iscrizioni alla mensa scolastica anticipate di 6 mesi: apriranno il 14 gennaio"},"content":{"rendered":"<div id=\"fb-root\"><\/div>\n<p style=\"text-align: justify;\"><strong>LATINA<\/strong> &#8211; Sei mesi in pi\u00f9 per iscrivere i propri figli alla mensa scolastica. Apriranno marted\u00ec 14 gennaio a Latina, le iscrizioni al servizio per l\u2019anno 2020\/2021. Un impegno preso dall&#8217;assessore Proietti dopo il caso del bambino rimasto escluso dal pasto, perch\u00e9 la famiglia non lo aveva iscritto.\u00a0 &#8220;Abbiamo mantenuto l&#8217;impegno e in questo modo le famiglie avranno molto pi\u00f9 tempo per iscriversi riuscendo cos\u00ec ad accedere al servizio mensa gi\u00e0 dal primo giorno previsto dagli istituti scolastici&#8221;, sottolinea in una nota l&#8217;assessore alla Scuola Ganmarco Proietti.<\/p>\n<p style=\"text-align: justify;\">\u00abIl sistema di informatizzazione del servizio mensa &#8211; dichiara Proietti &#8211; \u00e8 stata una scelta voluta e strutturata al fine di semplificare rendendo accessibili da casa informazioni e servizi, compreso quello del pagamento con pagoPA. Accedere ai servizi \u00e8 facilissimo e gli operatori della Pubblica Istruzione sono comunque a disposizione negli orari di ricevimento per aiutare e guidare. Quest\u2019anno, poi, come annunciato nella Commissione Consiliare Cultura, Sport e Pubblica Istruzione dello scorso ottobre, abbiamo aperto la procedura per l\u2019iscrizione al servizio mensa per l\u2019anno scolastico 2020\/2021, ben sei mesi prima rispetto all\u2019anno scorso \u00bb.<\/p>\n<p style=\"text-align: justify;\">La domanda va compilata online accedendo al portale dei servizi scolastici comunali www.apservice.it\/pslatina. Tutti i dettagli sono contenuti nell\u2019avviso pubblicato sul sito del Comune, tra le notizie \u201cIN EVIDENZA\u201d sulla home page e nella sezione \u201cAVVISI E BANDI\u201d.<\/p>\n<p style=\"text-align: justify;\">\u00abSe l\u2019iscrizione \u00e8, come \u00e8, obbligatoria e fondamentale per un servizio sicuro e di qualit\u00e0 &#8211; conclude Proietti &#8211; l\u2019impegno preso di allargare ogni possibilit\u00e0 perch\u00e9 nessuno rimanga escluso \u00e8 stato mantenuto, e questo era ed \u00e8 un preciso indirizzo politico affidato ai tecnici del Comune di Latina. Ora possiamo andare avanti insieme, scuola, genitori e amministrazione, per i bambini della citt\u00e0\u00bb.<\/p>\n<div class=\"radio-posizionamento-telefono-in-articoli-dopo-il-contenuto-articolo radio-entity-placement\" id=\"radio-54400757\"><div id=\"radio-1387109964\"><a href=\"https:\/\/grupporedi.it\/\" aria-label=\"Redi-Qr\"><img loading=\"lazy\" decoding=\"async\" src=\"https:\/\/www.radioluna.it\/news\/wp-content\/uploads\/2026\/03\/Redi-Qr.jpg\" alt=\"\"  srcset=\"https:\/\/www.radioluna.it\/news\/wp-content\/uploads\/2026\/03\/Redi-Qr.jpg 800w, https:\/\/www.radioluna.it\/news\/wp-content\/uploads\/2026\/03\/Redi-Qr-768x639.jpg 768w\" sizes=\"(max-width: 800px) 100vw, 800px\" width=\"300\" height=\"250\"   \/><\/a><\/div><\/div>","protected":false},"excerpt":{"rendered":"<p>LATINA &#8211; Sei mesi in pi\u00f9 per iscrivere i propri figli alla mensa scolastica. Apriranno marted\u00ec 14 gennaio a Latina, le iscrizioni al servizio per l\u2019anno 2020\/2021. Un impegno preso dall&#8217;assessore Proietti dopo il caso del bambino rimasto escluso dal pasto, perch\u00e9 la famiglia non lo aveva iscritto.\u00a0 &#8220;Abbiamo mantenuto l&#8217;impegno e in questo modo [&hellip;]<\/p>\n","protected":false},"author":62,"featured_media":193390,"comment_status":"open","ping_status":"open","sticky":false,"template":"","format":"standard","meta":{"footnotes":""},"categories":[248],"tags":[],"class_list":["post-259722","post","type-post","status-publish","format-standard","has-post-thumbnail","hentry","category-istruzione"],"_links":{"self":[{"href":"https:\/\/www.radioluna.it\/news\/wp-json\/wp\/v2\/posts\/259722","targetHints":{"allow":["GET"]}}],"collection":[{"href":"https:\/\/www.radioluna.it\/news\/wp-json\/wp\/v2\/posts"}],"about":[{"href":"https:\/\/www.radioluna.it\/news\/wp-json\/wp\/v2\/types\/post"}],"author":[{"embeddable":true,"href":"https:\/\/www.radioluna.it\/news\/wp-json\/wp\/v2\/users\/62"}],"replies":[{"embeddable":true,"href":"https:\/\/www.radioluna.it\/news\/wp-json\/wp\/v2\/comments?post=259722"}],"version-history":[{"count":0,"href":"https:\/\/www.radioluna.it\/news\/wp-json\/wp\/v2\/posts\/259722\/revisions"}],"wp:featuredmedia":[{"embeddable":true,"href":"https:\/\/www.radioluna.it\/news\/wp-json\/wp\/v2\/media\/193390"}],"wp:attachment":[{"href":"https:\/\/www.radioluna.it\/news\/wp-json\/wp\/v2\/media?parent=259722"}],"wp:term":[{"taxonomy":"category","embeddable":true,"href":"https:\/\/www.radioluna.it\/news\/wp-json\/wp\/v2\/categories?post=259722"},{"taxonomy":"post_tag","embeddable":true,"href":"https:\/\/www.radioluna.it\/news\/wp-json\/wp\/v2\/tags?post=259722"}],"curies":[{"name":"wp","href":"https:\/\/api.w.org\/{rel}","templated":true}]}}