{"id":260012,"date":"2020-01-11T11:43:04","date_gmt":"2020-01-11T10:43:04","guid":{"rendered":"https:\/\/www.radioluna.it\/news\/?p=260012"},"modified":"2020-01-11T11:43:04","modified_gmt":"2020-01-11T10:43:04","slug":"ialongo-presto-uninterrogazione-allassessore-per-lo-stato-di-via-delle-rose","status":"publish","type":"post","link":"https:\/\/www.radioluna.it\/news\/2020\/01\/ialongo-presto-uninterrogazione-allassessore-per-lo-stato-di-via-delle-rose\/","title":{"rendered":"Ialongo: &#8220;Presto un&#8217;interrogazione all&#8217;assessore per lo stato di via delle Rose&#8221;"},"content":{"rendered":"<div id=\"fb-root\"><\/div>\n<p style=\"text-align: justify;\"><strong>LATINA &#8211;<\/strong> \u201cNegli ultimi giorni, soprattutto a ridosso dell\u2019ultima grande ondata di maltempo, arrivano dai residenti di via delle Rose diverse segnalazioni sul pessimo stato della strada. La radici hanno completamente deformato l\u2019asfalto mettendo a rischio l\u2019incolumit\u00e0 soprattuto di motociclisti e ciclisti. Anche la percorribilit\u00e0 in auto sta diventando complicata nonostante il basso limite di velocit\u00e0 imposto, una misura ormai non pi\u00f9 sufficiente vista la quantit\u00e0 di dossi e cunette presenti. I residenti chiedono anche di sapere se sia mai stato fatto un controllo sull\u2019enorme quantit\u00e0 di pini presenti, ovvero una verifica attenta sulla pericolosit\u00e0 in caso di maltempo. Per scongiurare spiacevoli accadimenti si chiede dunque di verificare la possibilit\u00e0 di potature o abbattimenti mirati. Facendomi portavoce delle richieste dei cittadini, nei prossimi giorni presenter\u00f2 una interrogazione all\u2019assessore competente per capire cosa il Comune intenda fare in merito alla problematiche segnalate\u201d. Lo dichiara in una nota il consigliere comunale di Latina Giorgio Ialongo.<\/p>\n","protected":false},"excerpt":{"rendered":"<p>LATINA &#8211; \u201cNegli ultimi giorni, soprattutto a ridosso dell\u2019ultima grande ondata di maltempo, arrivano dai residenti di via delle Rose diverse segnalazioni sul pessimo stato della strada. La radici hanno completamente deformato l\u2019asfalto mettendo a rischio l\u2019incolumit\u00e0 soprattuto di motociclisti e ciclisti. Anche la percorribilit\u00e0 in auto sta diventando complicata nonostante il basso limite di [&hellip;]<\/p>\n","protected":false},"author":60,"featured_media":178906,"comment_status":"open","ping_status":"open","sticky":false,"template":"","format":"standard","meta":{"footnotes":""},"categories":[8],"tags":[],"class_list":["post-260012","post","type-post","status-publish","format-standard","has-post-thumbnail","hentry","category-politica"],"_links":{"self":[{"href":"https:\/\/www.radioluna.it\/news\/wp-json\/wp\/v2\/posts\/260012","targetHints":{"allow":["GET"]}}],"collection":[{"href":"https:\/\/www.radioluna.it\/news\/wp-json\/wp\/v2\/posts"}],"about":[{"href":"https:\/\/www.radioluna.it\/news\/wp-json\/wp\/v2\/types\/post"}],"author":[{"embeddable":true,"href":"https:\/\/www.radioluna.it\/news\/wp-json\/wp\/v2\/users\/60"}],"replies":[{"embeddable":true,"href":"https:\/\/www.radioluna.it\/news\/wp-json\/wp\/v2\/comments?post=260012"}],"version-history":[{"count":0,"href":"https:\/\/www.radioluna.it\/news\/wp-json\/wp\/v2\/posts\/260012\/revisions"}],"wp:featuredmedia":[{"embeddable":true,"href":"https:\/\/www.radioluna.it\/news\/wp-json\/wp\/v2\/media\/178906"}],"wp:attachment":[{"href":"https:\/\/www.radioluna.it\/news\/wp-json\/wp\/v2\/media?parent=260012"}],"wp:term":[{"taxonomy":"category","embeddable":true,"href":"https:\/\/www.radioluna.it\/news\/wp-json\/wp\/v2\/categories?post=260012"},{"taxonomy":"post_tag","embeddable":true,"href":"https:\/\/www.radioluna.it\/news\/wp-json\/wp\/v2\/tags?post=260012"}],"curies":[{"name":"wp","href":"https:\/\/api.w.org\/{rel}","templated":true}]}}