{"id":260015,"date":"2020-01-11T13:24:26","date_gmt":"2020-01-11T12:24:26","guid":{"rendered":"https:\/\/www.radioluna.it\/news\/?p=260015"},"modified":"2020-01-11T13:24:26","modified_gmt":"2020-01-11T12:24:26","slug":"mafia-pontina-calandrini-e-procaccininessuno-di-fdi-indagato","status":"publish","type":"post","link":"https:\/\/www.radioluna.it\/news\/2020\/01\/mafia-pontina-calandrini-e-procaccininessuno-di-fdi-indagato\/","title":{"rendered":"Mafia pontina, Calandrini e Procaccini:&#8221;Nessuno di FdI indagato&#8221;"},"content":{"rendered":"<div id=\"fb-root\"><\/div>\n<p style=\"text-align: justify;\">Le dichiarazioni di pentiti non possono essere strumentalmente utilizzate per fare politica, ma lasciate al piano giudiziario in cui esistono gli accertamenti, le indagini, i processi e le condanne. Nessun iscritto di Fratelli d\u2019Italia risulta indagato, imputato o condannato per le vicende che il Partito Democratico sta utilizzando per fare politica: quegli stessi esponenti del Pd che, a loro volta, non sono esenti da gravi vicende giudiziarie, ancora in pieno corso, e che mai abbiamo neppure lontanamente pensato di utilizzare per finalit\u00e0 politiche. Siamo una comunit\u00e0 politica che lavora ogni giorno con pazienza e onest\u00e0, in ogni citt\u00e0 della nostra Provincia, senza considerare mai gli esponenti avversari come dei nemici da insultare o da diffamare. Non cambieremo il nostro modo di essere e di fare. Indipendentemente dalle scelte del Partito Democratico&#8221;. Lo dichiarano il senatore di Fratelli d&#8217;Italia, Nicola Calandrini e l&#8217;eurodeputato di FdI, Nicola Procaccini.<\/p>\n","protected":false},"excerpt":{"rendered":"<p>Le dichiarazioni di pentiti non possono essere strumentalmente utilizzate per fare politica, ma lasciate al piano giudiziario in cui esistono gli accertamenti, le indagini, i processi e le condanne. Nessun iscritto di Fratelli d\u2019Italia risulta indagato, imputato o condannato per le vicende che il Partito Democratico sta utilizzando per fare politica: quegli stessi esponenti del [&hellip;]<\/p>\n","protected":false},"author":60,"featured_media":247456,"comment_status":"open","ping_status":"open","sticky":false,"template":"","format":"standard","meta":{"footnotes":""},"categories":[8],"tags":[],"class_list":["post-260015","post","type-post","status-publish","format-standard","has-post-thumbnail","hentry","category-politica"],"_links":{"self":[{"href":"https:\/\/www.radioluna.it\/news\/wp-json\/wp\/v2\/posts\/260015","targetHints":{"allow":["GET"]}}],"collection":[{"href":"https:\/\/www.radioluna.it\/news\/wp-json\/wp\/v2\/posts"}],"about":[{"href":"https:\/\/www.radioluna.it\/news\/wp-json\/wp\/v2\/types\/post"}],"author":[{"embeddable":true,"href":"https:\/\/www.radioluna.it\/news\/wp-json\/wp\/v2\/users\/60"}],"replies":[{"embeddable":true,"href":"https:\/\/www.radioluna.it\/news\/wp-json\/wp\/v2\/comments?post=260015"}],"version-history":[{"count":0,"href":"https:\/\/www.radioluna.it\/news\/wp-json\/wp\/v2\/posts\/260015\/revisions"}],"wp:featuredmedia":[{"embeddable":true,"href":"https:\/\/www.radioluna.it\/news\/wp-json\/wp\/v2\/media\/247456"}],"wp:attachment":[{"href":"https:\/\/www.radioluna.it\/news\/wp-json\/wp\/v2\/media?parent=260015"}],"wp:term":[{"taxonomy":"category","embeddable":true,"href":"https:\/\/www.radioluna.it\/news\/wp-json\/wp\/v2\/categories?post=260015"},{"taxonomy":"post_tag","embeddable":true,"href":"https:\/\/www.radioluna.it\/news\/wp-json\/wp\/v2\/tags?post=260015"}],"curies":[{"name":"wp","href":"https:\/\/api.w.org\/{rel}","templated":true}]}}