{"id":260017,"date":"2020-01-12T09:50:31","date_gmt":"2020-01-12T08:50:31","guid":{"rendered":"https:\/\/www.radioluna.it\/news\/?p=260017"},"modified":"2020-01-13T07:39:47","modified_gmt":"2020-01-13T06:39:47","slug":"screening-oftalmologico-per-tutti-i-neonati-del-lazio","status":"publish","type":"post","link":"https:\/\/www.radioluna.it\/news\/2020\/01\/screening-oftalmologico-per-tutti-i-neonati-del-lazio\/","title":{"rendered":"Screening Oftalmologico per tutti i neonati del Lazio"},"content":{"rendered":"<div id=\"fb-root\"><\/div>\n<p style=\"text-align: justify;\">Una diagnosi precoce migliora i percorsi di cura. Per questo i neonati del Lazio accederanno allo Screening<strong>\u00a0 Neonatale Oftalmologico. Il documento che contiene le linee guida \u00e8 stato approvato e<\/strong> ha individuato la Rete regionale dei Servizi. &#8220;La finalit\u00e0 del programma di screening \u00e8 quella di favorire l\u2019identificazione precoce e la presa in carico dei neonati con alterazioni congenite dell\u2019apparato visivo con particolare riferimento alla cataratta congenita&#8221;, si legge in una nota della Regione Lazio..<\/p>\n<p style=\"font-weight: 400; text-align: justify;\">\u201cI difetti oculari congeniti oltre a determinare un danno specifico alla funzione visiva, influenzano negativamente lo sviluppo delle capacit\u00e0 e dei normali percorsi di apprendimento del bambino. Una diagnosi precoce aiuta a migliorare i processi di cura e attraverso lo Screening Oftalmologico Neonatale \u2013 spiega l\u2019Assessore alla Sanit\u00e0 e l\u2019Integrazione Sociosanitaria della Regione Lazio,\u00a0<strong>Alessio D\u2019Amato<\/strong>\u00a0-, come suggerito dall\u2019Organizzazione Mondiale della Sanit\u00e0 (OMS), possiamo riconoscere patologie che potenzialmente possono mettere in pericolo la visione e, in alcuni casi, la vita\u201d.<\/p>\n<p style=\"font-weight: 400; text-align: justify;\">Nello specifico nei\u00a0<strong>Punti Nascita del Lazio<\/strong>\u00a0verr\u00e0 garantito a tutti, in maniera uniforme ed omogenea, i neonati l\u2019esecuzione di un\u00a0<strong>test di screening oftalmologico ospedaliero\u00a0<\/strong>(test primo livello) prima della dimissione, in caso di positivit\u00e0 al test del riflesso rosso, confermata da uno specialista oculista, verr\u00e0 garantita entro le prime 4 settimane di vita, una valutazione oculistica (test secondo livello) presso un Centro di secondo livello per la conferma diagnostica e la presa in carico dei bambini a rischio di ipovisione e cecit\u00e0.<\/p>\n<p style=\"font-weight: 400; text-align: justify;\">Sono inserite nella\u00a0 rete\u00a0 dei servizi\u00a0 nel programma di screening oftalmologico neonatale:<\/p>\n<p style=\"font-weight: 400;\"><strong><u>Primo livello di screening:<\/u><\/strong><\/p>\n<p style=\"font-weight: 400; text-align: justify;\">Policlinico Umberto I (Asl Roma 1), Policlinico A. Gemelli (Asl Roma 1), San Giovanni \u2013 Addolorata (Asl Roma 1), San Filippo Neri (Asl Roma 1), P.O. Santo Spirito (Asl Roma 1), San Giovanni Calibita \u2013 FBF (Asl Roma 1), San Pietro \u2013 FBF (Asl Roma 1), Santa Famiglia (Asl Roma 1), Cristo Re (Asl Roma 1), Quisisana (Asl Roma 1), Villa Mafalda (Asl Roma 1), Villa Margherita (Asl Roma 1), Mater Dei (Asl Roma 1), Santa Maria di Leuca (Asl Roma 1), Sant&#8217;Eugenio (Asl Roma 2), Policlinico Casilino (Asl Roma 2), Sandro Pertini (Asl Roma 2), Fabia Mater (Asl Roma 2), Madre G.Vannini &#8211; F. di S. C. (Asl Roma 2), G. B. Grassi (Asl Roma 3), San Camillo-Forlanini (Asl Roma 3), Villa Pia (Asl Roma 3), Citt\u00e0 di Roma (Asl Roma 3), Civitavecchia San Paolo (Asl Roma 4), Tivoli San G. Evangelista (Asl Roma 5), Palestrina C. Bernardini (Asl Roma 5), Ariccia Ospedale dei Castelli (Asl Roma 6), Anzio P.O. Anzio-Nettuno (Asl Roma 6), Velletri P. Colombo (Asl Roma 6), Belcolle (Asl Viterbo), San Camillo De Lellis (Asl Rieti),<strong> S. M. Goretti (Asl Latina), Fondi<\/strong> <strong>P.O. (Asl Latina), Formia P.O. (Asl Latina), Citt\u00e0 di Aprilia (Asl Latina),<\/strong> Fabrizio Spaziani (Asl Frosinone), Sora Santissima Trinit\u00e0 (Asl Frosinone), Cassino Santa Scolastica (Asl Frosinone) e Ospedale Pediatrico Bambino Ges\u00f9.<\/p>\n<p style=\"font-weight: 400;\"><strong><u>Secondo livello di screening:<\/u><\/strong><\/p>\n<p style=\"font-weight: 400;\">Policlinico A. Gemelli (Asl Roma 1), Ospedale Pediatrico Bambino Ges\u00f9 e Dipartimento di Oftalmologia (Asl Roma 1).<\/p>\n<p style=\"font-weight: 400;\">\n","protected":false},"excerpt":{"rendered":"<p>Una diagnosi precoce migliora i percorsi di cura. Per questo i neonati del Lazio accederanno allo Screening\u00a0 Neonatale Oftalmologico. Il documento che contiene le linee guida \u00e8 stato approvato e ha individuato la Rete regionale dei Servizi. &#8220;La finalit\u00e0 del programma di screening \u00e8 quella di favorire l\u2019identificazione precoce e la presa in carico dei [&hellip;]<\/p>\n","protected":false},"author":62,"featured_media":129202,"comment_status":"open","ping_status":"open","sticky":false,"template":"","format":"standard","meta":{"footnotes":""},"categories":[2616],"tags":[],"class_list":["post-260017","post","type-post","status-publish","format-standard","has-post-thumbnail","hentry","category-sanita"],"_links":{"self":[{"href":"https:\/\/www.radioluna.it\/news\/wp-json\/wp\/v2\/posts\/260017","targetHints":{"allow":["GET"]}}],"collection":[{"href":"https:\/\/www.radioluna.it\/news\/wp-json\/wp\/v2\/posts"}],"about":[{"href":"https:\/\/www.radioluna.it\/news\/wp-json\/wp\/v2\/types\/post"}],"author":[{"embeddable":true,"href":"https:\/\/www.radioluna.it\/news\/wp-json\/wp\/v2\/users\/62"}],"replies":[{"embeddable":true,"href":"https:\/\/www.radioluna.it\/news\/wp-json\/wp\/v2\/comments?post=260017"}],"version-history":[{"count":0,"href":"https:\/\/www.radioluna.it\/news\/wp-json\/wp\/v2\/posts\/260017\/revisions"}],"wp:featuredmedia":[{"embeddable":true,"href":"https:\/\/www.radioluna.it\/news\/wp-json\/wp\/v2\/media\/129202"}],"wp:attachment":[{"href":"https:\/\/www.radioluna.it\/news\/wp-json\/wp\/v2\/media?parent=260017"}],"wp:term":[{"taxonomy":"category","embeddable":true,"href":"https:\/\/www.radioluna.it\/news\/wp-json\/wp\/v2\/categories?post=260017"},{"taxonomy":"post_tag","embeddable":true,"href":"https:\/\/www.radioluna.it\/news\/wp-json\/wp\/v2\/tags?post=260017"}],"curies":[{"name":"wp","href":"https:\/\/api.w.org\/{rel}","templated":true}]}}