{"id":260081,"date":"2020-01-13T13:37:08","date_gmt":"2020-01-13T12:37:08","guid":{"rendered":"https:\/\/www.radioluna.it\/news\/?p=260081"},"modified":"2020-01-13T13:37:08","modified_gmt":"2020-01-13T12:37:08","slug":"notte-del-liceo-classico-al-gobetti-di-fondi","status":"publish","type":"post","link":"https:\/\/www.radioluna.it\/news\/2020\/01\/notte-del-liceo-classico-al-gobetti-di-fondi\/","title":{"rendered":"Notte del Liceo Classico, al Gobetti di Fondi"},"content":{"rendered":"<div id=\"fb-root\"><\/div>\n<p style=\"text-align: justify;\"><strong>FONDI<\/strong> &#8211;\u00a0E\u2019 giunta alla VI edizione la \u201cNotte Nazionale del Liceo Classico\u201d, uno degli eventi pi\u00f9 innovativi nella scuola degli ultimi anni. Nata da un\u2019idea del prof. Rocco Schembra \u2013 docente di Latino e Greco presso il Liceo Classico \u201cGulli e Pennisi\u201d di Acireale (CT) \u2013 e sostenuta dal Ministero della Pubblica Istruzione, l\u2019iniziativa del 2020 si celebrer\u00e0 Venerd\u00ec 17 Gennaio p.v. dalle ore 18.00 alle 24.00 in oltre 430 licei classici su tutto il territorio nazionale.<\/p>\n<p style=\"text-align: justify;\">&#8220;La \u201cNotte Nazionale del Liceo Classico\u201d \u00e8 nata per dimostrare in maniera evidente che il curricolo del classico \u00e8 ancora pieno di vitalit\u00e0 e popolato da studenti motivati, ricchi di grandi talenti e con abilit\u00e0 e competenze che oltrepassano di gran lunga quelle richieste a scuola&#8221;, spiegano dal liceo Gobetti di Fondi che partecipa all&#8217;evento.<\/p>\n<p style=\"text-align: justify;\"><strong>IL PROGRAMMA<\/strong> &#8211; Il programma prevede alle ore 18.00, presso l\u2019Aula Magna, la proiezione del video ufficiale dell\u2019evento e la lettura del brano di apertura, cui faranno seguito i saluti istituzionali. Alle 18.30 avr\u00e0 luogo l\u2019incontro con il prof. Carlo Ruta, saggista e studioso del mondo mediterraneo, che presenter\u00e0 il suo libro \u201cViaggio nella Grecia antica. Da Oriente a Occidente\u201d. Ad esso far\u00e0 seguito alle 19.30 \u201cLa giustizia \u00e8 donna\u201d, la conferenza della prof.ssa Aglaia McClintock, docente\u00a0 di \u201cIstituzioni e storia del diritto romano\u201d presso il Corso\u00a0 di Laurea Magistrale in Giurisprudenza dell&#8217;Universit\u00e0 del Sannio. Dalle 20.30 alle 22.30 si susseguiranno nelle aule del Liceo letture di testi, drammatizzazioni di opere classiche e di miti, danze e musiche legate al mondo antico e moderno a cura degli alunni del \u201cGobetti\u201d. Concluderanno la manifestazione alle 22.30, nella palestra del Liceo, le esibizioni del balletto d\u2019Istituto e delle \u201cMoon Vibes\u201d (Nunc est rivisitandum &#8211; Rivisitazioni in chiave soul-rock) e alle 23.45, in Aula Magna, la lettura del brano finale: il prologo dell\u2019\u00abAgamennone\u00bb di Eschilo (vv. 1-38).<\/p>\n<p style=\"text-align: justify;\">Le iniziative dell\u2019Istituto diretto dalla Prof.ssa Rosalba Bianchi si svolgono con il coordinamento e il supporto dei docenti Carla Barbarisi, Monia Biasillo, Roberta Cannella, Daniela Capasso, Alessandro De Bonis, Antonella di Fazio, Enza Di Franco, Mariagrazia Fazio, Antonella Fiore, Maria Fiore, Gilda Nunziata, Alessio Papa, Teodolinda Pesiri, Pierpaola Pilla, Rossana Rotunno, Silvia Vocella.<\/p>\n<p style=\"text-align: justify;\">\n<div class=\"radio-posizionamento-telefono-in-articoli-dopo-il-contenuto-articolo radio-entity-placement\" id=\"radio-1664722439\"><div id=\"radio-3680509132\" style=\"width: 300px;height: 250px;\"><a href=\"https:\/\/www.icarspa.it\/auto\/usate\/latina\/\" aria-label=\"banner aprile icar new life &#8211; auto usate latina\"><img loading=\"lazy\" decoding=\"async\" src=\"https:\/\/www.radioluna.it\/news\/wp-content\/uploads\/2026\/02\/banner-aprile-icar-new-life-auto-usate-latina.gif\" alt=\"\"  width=\"300\" height=\"250\"   \/><\/a><\/div><\/div>","protected":false},"excerpt":{"rendered":"<p>FONDI &#8211;\u00a0E\u2019 giunta alla VI edizione la \u201cNotte Nazionale del Liceo Classico\u201d, uno degli eventi pi\u00f9 innovativi nella scuola degli ultimi anni. Nata da un\u2019idea del prof. Rocco Schembra \u2013 docente di Latino e Greco presso il Liceo Classico \u201cGulli e Pennisi\u201d di Acireale (CT) \u2013 e sostenuta dal Ministero della Pubblica Istruzione, l\u2019iniziativa del [&hellip;]<\/p>\n","protected":false},"author":60,"featured_media":260082,"comment_status":"open","ping_status":"open","sticky":false,"template":"","format":"standard","meta":{"footnotes":""},"categories":[248],"tags":[],"class_list":["post-260081","post","type-post","status-publish","format-standard","has-post-thumbnail","hentry","category-istruzione"],"_links":{"self":[{"href":"https:\/\/www.radioluna.it\/news\/wp-json\/wp\/v2\/posts\/260081","targetHints":{"allow":["GET"]}}],"collection":[{"href":"https:\/\/www.radioluna.it\/news\/wp-json\/wp\/v2\/posts"}],"about":[{"href":"https:\/\/www.radioluna.it\/news\/wp-json\/wp\/v2\/types\/post"}],"author":[{"embeddable":true,"href":"https:\/\/www.radioluna.it\/news\/wp-json\/wp\/v2\/users\/60"}],"replies":[{"embeddable":true,"href":"https:\/\/www.radioluna.it\/news\/wp-json\/wp\/v2\/comments?post=260081"}],"version-history":[{"count":0,"href":"https:\/\/www.radioluna.it\/news\/wp-json\/wp\/v2\/posts\/260081\/revisions"}],"wp:featuredmedia":[{"embeddable":true,"href":"https:\/\/www.radioluna.it\/news\/wp-json\/wp\/v2\/media\/260082"}],"wp:attachment":[{"href":"https:\/\/www.radioluna.it\/news\/wp-json\/wp\/v2\/media?parent=260081"}],"wp:term":[{"taxonomy":"category","embeddable":true,"href":"https:\/\/www.radioluna.it\/news\/wp-json\/wp\/v2\/categories?post=260081"},{"taxonomy":"post_tag","embeddable":true,"href":"https:\/\/www.radioluna.it\/news\/wp-json\/wp\/v2\/tags?post=260081"}],"curies":[{"name":"wp","href":"https:\/\/api.w.org\/{rel}","templated":true}]}}