{"id":260142,"date":"2020-01-16T23:59:02","date_gmt":"2020-01-16T22:59:02","guid":{"rendered":"https:\/\/www.radioluna.it\/news\/?p=260142"},"modified":"2020-01-20T09:37:39","modified_gmt":"2020-01-20T08:37:39","slug":"a-gaeta-una-grotta-sommersa-e-laboratorio-naturale-per-ricercatori-italiani-e-stranieri","status":"publish","type":"post","link":"https:\/\/www.radioluna.it\/news\/2020\/01\/a-gaeta-una-grotta-sommersa-e-laboratorio-naturale-per-ricercatori-italiani-e-stranieri\/","title":{"rendered":"A Gaeta una grotta sommersa \u00e8 laboratorio naturale per ricercatori italiani e stranieri"},"content":{"rendered":"<div id=\"fb-root\"><\/div>\n<p><strong>(le foto pubblicate sono di Adriano Madonna e i diritti di utilizzo riservati)<\/strong><\/p>\n<p style=\"text-align: justify;\"><strong>GAETA<\/strong> &#8211; Una grotta sottomarina scoperta per caso 50 anni fa da un giovane subacqueo che si spinse lungo un cunicolo lungo 32 metri scavato nella roccia, in uno dei punti pi\u00f9 belli della costa di Gaeta, \u00e8 un vero e proprio laboratorio di biologia cavernicola, ricco di spugne, di gamberi di ogni specie e di pesci che vivono nel buio totale. Si chiama la Grotta del Maresciallo e oggi un editore appassionato ha deciso di farne materia per un libro scritto proprio da chi la scopr\u00ec e le diede il nome.<\/p>\n<p style=\"text-align: justify;\"><strong>&#8220;La Grotta del Maresciallo\u00a0 &#8211; spiega il biologo marino Adriano Madonna, subacqueo della vecchia guardia tra i pi\u00f9 noti d&#8217;Italia proprio per le sue numerose esplorazioni e scoperte &#8211; \u00e8 tra le grotte sommerse una delle pi\u00f9 interessanti del Tirreno. Un sito biologico di particolare valore scientifico oggi met\u00e0 di ricercatori italiani e stranieri&#8221;.<\/strong><\/p>\n<p style=\"text-align: justify;\">Per raggiungere il sito, dopo aver imboccato il lungo tunnel sottomarino, si attraversa il buio e si riemerge poi nel ventre della montagna, in una stanza la cui volta \u00e8 coperta di stalattiti mentre sul fondo ci sono gamberi di varie specie, tra cui il pi\u00f9 bello del Mediterraneo, il &#8220;gambero meccanico&#8221; dalle lunghe chele, racconta l&#8217;esperto. <strong>&#8220;Fosse per me la chiuderei con un cancello, perch\u00e9 l\u00ec dentro c&#8217;\u00e8 davvero l&#8217;evoluzione di una fetta di biologia e basterebbe una muovere una pinna in maniera maldestra per danneggiare un equilibrio creatosi in centinaia o migliaia di anni.<\/strong> Vorrei raccomandare massima cautela a chi prendesse in considerazione la grotta del Maresciallo&#8221;.<\/p>\n<p style=\"text-align: justify;\">Un laboratorio ricco come solo la natura sa offrire, che porta con s\u00e9 anche un aneddoto divertente: &#8220;Una storia del tipo Don Camillo e Peppone accompagna il nome che ho dato a questo luogo&#8221;. Una meraviglia che Adriano Madonna ci racconta in questa intervista<\/p>\n<p>ASCOLTA<\/p>\n<audio class=\"wp-audio-shortcode\" id=\"audio-260142-1\" preload=\"none\" style=\"width: 100%;\" controls=\"controls\"><source type=\"audio\/mpeg\" src=\"https:\/\/www.radioluna.it\/news\/wp-content\/uploads\/2020\/01\/adriano-madonna-grotta-del-maresciallo.mp3?_=1\" \/><a href=\"https:\/\/www.radioluna.it\/news\/wp-content\/uploads\/2020\/01\/adriano-madonna-grotta-del-maresciallo.mp3\">https:\/\/www.radioluna.it\/news\/wp-content\/uploads\/2020\/01\/adriano-madonna-grotta-del-maresciallo.mp3<\/a><\/audio>\n<p>Il libro (AliRibelli edizioni) uscir\u00e0 a febbraio.<\/p>\n","protected":false},"excerpt":{"rendered":"<p>(le foto pubblicate sono di Adriano Madonna e i diritti di utilizzo riservati) GAETA &#8211; Una grotta sottomarina scoperta per caso 50 anni fa da un giovane subacqueo che si spinse lungo un cunicolo lungo 32 metri scavato nella roccia, in uno dei punti pi\u00f9 belli della costa di Gaeta, \u00e8 un vero e proprio [&hellip;]<\/p>\n","protected":false},"author":62,"featured_media":260180,"comment_status":"open","ping_status":"open","sticky":false,"template":"","format":"gallery","meta":{"footnotes":""},"categories":[12,2310,2311,2424],"tags":[],"class_list":["post-260142","post","type-post","status-publish","format-gallery","has-post-thumbnail","hentry","category-ambiente","category-audio","category-foto","category-i-nostri-libri","post_format-post-format-gallery"],"_links":{"self":[{"href":"https:\/\/www.radioluna.it\/news\/wp-json\/wp\/v2\/posts\/260142","targetHints":{"allow":["GET"]}}],"collection":[{"href":"https:\/\/www.radioluna.it\/news\/wp-json\/wp\/v2\/posts"}],"about":[{"href":"https:\/\/www.radioluna.it\/news\/wp-json\/wp\/v2\/types\/post"}],"author":[{"embeddable":true,"href":"https:\/\/www.radioluna.it\/news\/wp-json\/wp\/v2\/users\/62"}],"replies":[{"embeddable":true,"href":"https:\/\/www.radioluna.it\/news\/wp-json\/wp\/v2\/comments?post=260142"}],"version-history":[{"count":0,"href":"https:\/\/www.radioluna.it\/news\/wp-json\/wp\/v2\/posts\/260142\/revisions"}],"wp:featuredmedia":[{"embeddable":true,"href":"https:\/\/www.radioluna.it\/news\/wp-json\/wp\/v2\/media\/260180"}],"wp:attachment":[{"href":"https:\/\/www.radioluna.it\/news\/wp-json\/wp\/v2\/media?parent=260142"}],"wp:term":[{"taxonomy":"category","embeddable":true,"href":"https:\/\/www.radioluna.it\/news\/wp-json\/wp\/v2\/categories?post=260142"},{"taxonomy":"post_tag","embeddable":true,"href":"https:\/\/www.radioluna.it\/news\/wp-json\/wp\/v2\/tags?post=260142"}],"curies":[{"name":"wp","href":"https:\/\/api.w.org\/{rel}","templated":true}]}}