{"id":260150,"date":"2020-01-14T16:24:44","date_gmt":"2020-01-14T15:24:44","guid":{"rendered":"https:\/\/www.radioluna.it\/news\/?p=260150"},"modified":"2020-01-15T07:39:00","modified_gmt":"2020-01-15T06:39:00","slug":"video-con-sottotitoli-falsi-50mila-euro-di-risarcimento-allex-sindaco-zaccheo","status":"publish","type":"post","link":"https:\/\/www.radioluna.it\/news\/2020\/01\/video-con-sottotitoli-falsi-50mila-euro-di-risarcimento-allex-sindaco-zaccheo\/","title":{"rendered":"Video con sottotitoli falsi, 50mila euro di risarcimento all&#8217;ex sindaco Zaccheo"},"content":{"rendered":"<div id=\"fb-root\"><\/div>\n<p style=\"text-align: justify;\"><strong>LATINA &#8211;<\/strong> Alleati (e nemici) si liberarono di lui cos\u00ec, grazie ad un video di Striscia La Notizia piombato in tv con la forza di un ciclone. Fu l&#8217;inizio della fine, decretata attraverso la sfiducia arrivata di l\u00ec a poco durante il secondo mandato da sindaco. Peccato che i sottotitoli che lo mostravano chiedere favori per le figlie, erano falsi. Oggi l&#8217;ex primo cittadino di Latina Vincenzo Zaccheo ottiene parziale giustizia: RTI -Reti Televisive Italiane S.p.A. \u00e8 stata infatti condannata a risarcirlo per diffamazione con 50mila euro pi\u00f9 Iva. \u00abUna sentenza che mi ripaga solo in parte delle amarezze e delle calunnie subite. Mai ho chiesto favori per me o le mie figlie. Ho sempre lavorato per il bene della citt\u00e0 e della comunit\u00e0\u00bb, assicura.<\/p>\n<p style=\"text-align: justify;\">In una nota l&#8217;ex primo cittadino parla di &#8220;grande amarezza personale&#8221; causata dalla vicenda che\u00a0 &#8211; aggiunge &#8211;\u00a0 &#8220;mi ha toccato nella sfera familiare e politica, causando a me e ai miei cari sofferenze, calunnie e attacchi del tutto fuori luogo. Al tempo stesso mi ha costretto ad abbandonare il mio impegno in politica al servizio della nostra comunit\u00e0, portando anche alla caduta di un&#8217;amministrazione comunale sulla base di un pregiudizio nei miei confronti creato ad arte da una vicenda mediatica che, come si \u00e8 dimostrato, era del tutto errata&#8221;.<\/p>\n<p style=\"text-align: justify;\">Per Zaccheo la sentenza che arriva a distanza di quasi 10 anni dai fatti \u00e8 solo &#8220;un primo parziale risarcimento&#8230; ma oggi non sentiamo la gratificazione che ci attendevamo, perch\u00e9, alla fine di tutto, ci\u00f2 che resta \u00e8 il terrore e l\u2019incredulit\u00e0 di quanto sia stato facile additarci alla pubblica gogna. Spero che questa vicenda possa essere da monito ad una maggiore riflessione e pacatezza di giudizi e di toni nella vita quotidiana cos\u00ec come, e forse di pi\u00f9, nella vita \u201csocial\u201d.<\/p>\n","protected":false},"excerpt":{"rendered":"<p>LATINA &#8211; Alleati (e nemici) si liberarono di lui cos\u00ec, grazie ad un video di Striscia La Notizia piombato in tv con la forza di un ciclone. Fu l&#8217;inizio della fine, decretata attraverso la sfiducia arrivata di l\u00ec a poco durante il secondo mandato da sindaco. Peccato che i sottotitoli che lo mostravano chiedere favori [&hellip;]<\/p>\n","protected":false},"author":62,"featured_media":587,"comment_status":"open","ping_status":"open","sticky":false,"template":"","format":"standard","meta":{"footnotes":""},"categories":[7],"tags":[],"class_list":["post-260150","post","type-post","status-publish","format-standard","has-post-thumbnail","hentry","category-cronaca"],"_links":{"self":[{"href":"https:\/\/www.radioluna.it\/news\/wp-json\/wp\/v2\/posts\/260150","targetHints":{"allow":["GET"]}}],"collection":[{"href":"https:\/\/www.radioluna.it\/news\/wp-json\/wp\/v2\/posts"}],"about":[{"href":"https:\/\/www.radioluna.it\/news\/wp-json\/wp\/v2\/types\/post"}],"author":[{"embeddable":true,"href":"https:\/\/www.radioluna.it\/news\/wp-json\/wp\/v2\/users\/62"}],"replies":[{"embeddable":true,"href":"https:\/\/www.radioluna.it\/news\/wp-json\/wp\/v2\/comments?post=260150"}],"version-history":[{"count":0,"href":"https:\/\/www.radioluna.it\/news\/wp-json\/wp\/v2\/posts\/260150\/revisions"}],"wp:featuredmedia":[{"embeddable":true,"href":"https:\/\/www.radioluna.it\/news\/wp-json\/wp\/v2\/media\/587"}],"wp:attachment":[{"href":"https:\/\/www.radioluna.it\/news\/wp-json\/wp\/v2\/media?parent=260150"}],"wp:term":[{"taxonomy":"category","embeddable":true,"href":"https:\/\/www.radioluna.it\/news\/wp-json\/wp\/v2\/categories?post=260150"},{"taxonomy":"post_tag","embeddable":true,"href":"https:\/\/www.radioluna.it\/news\/wp-json\/wp\/v2\/tags?post=260150"}],"curies":[{"name":"wp","href":"https:\/\/api.w.org\/{rel}","templated":true}]}}