{"id":260154,"date":"2020-01-14T17:10:34","date_gmt":"2020-01-14T16:10:34","guid":{"rendered":"https:\/\/www.radioluna.it\/news\/?p=260154"},"modified":"2020-01-14T17:56:35","modified_gmt":"2020-01-14T16:56:35","slug":"daini-nel-parco-del-circeo-il-sindaco-schiboni-prima-si-provi-con-ladozione","status":"publish","type":"post","link":"https:\/\/www.radioluna.it\/news\/2020\/01\/daini-nel-parco-del-circeo-il-sindaco-schiboni-prima-si-provi-con-ladozione\/","title":{"rendered":"Daini nel Parco del Circeo, il sindaco Schiboni: &#8220;Prima si provi con l&#8217;adozione&#8221;"},"content":{"rendered":"<div id=\"fb-root\"><\/div>\n<p style=\"text-align: justify;\"><strong>SAN FELICE CIRCEO &#8211;<\/strong> Anche il Sindaco di San Felice Circeo, Giuseppe Schiboni, \u00e8 intervenuto oggi sulla questione del contenimento dei daini, sottolineando che prima di parlare di abbattimenti sarebbe opportuno procedere all&#8217;adozione degli animali.\u00a0 &#8220;Parlare di mattanza o sterminio dei daini \u00e8 sicuramente pi\u00f9 efficace per smuovere le coscienze e fare breccia nell&#8217;opinione pubblica, specie in un contesto ambientale dove l&#8217;uso delle parole deve essere sempre improntato all&#8217;equilibrio e soprattutto al rispetto di un sistema che va difeso per le sue infinite ricadute che il parco genera sulle comunit\u00e0. Il piano avviato di contenimento della specie dei daini \u2013 dichiara il Sindaco Schiboni \u2013 porta la firma di una autorevole societ\u00e0 e soprattutto ha avuto il parere positivo del Ministero dell&#8217;Ambiente, della Regione Lazio e dell&#8217;ISPRA proprio a sottolinearne la piena efficacia ed operativit\u00e0. Sono convinto che il Parco adotter\u00e0 le azioni pi\u00f9 efficaci per arrivare anche a delocalizzare gli animali attraverso l&#8217;adozione di privati, aziende agricole e agrituristiche che ne potrebbero far richiesta, proprio per contenere la specie nel parco stesso e per evitarne l&#8217;abbattimento&#8221;.<\/p>\n","protected":false},"excerpt":{"rendered":"<p>SAN FELICE CIRCEO &#8211; Anche il Sindaco di San Felice Circeo, Giuseppe Schiboni, \u00e8 intervenuto oggi sulla questione del contenimento dei daini, sottolineando che prima di parlare di abbattimenti sarebbe opportuno procedere all&#8217;adozione degli animali.\u00a0 &#8220;Parlare di mattanza o sterminio dei daini \u00e8 sicuramente pi\u00f9 efficace per smuovere le coscienze e fare breccia nell&#8217;opinione pubblica, [&hellip;]<\/p>\n","protected":false},"author":62,"featured_media":251310,"comment_status":"open","ping_status":"open","sticky":false,"template":"","format":"standard","meta":{"footnotes":""},"categories":[12],"tags":[],"class_list":["post-260154","post","type-post","status-publish","format-standard","has-post-thumbnail","hentry","category-ambiente"],"_links":{"self":[{"href":"https:\/\/www.radioluna.it\/news\/wp-json\/wp\/v2\/posts\/260154","targetHints":{"allow":["GET"]}}],"collection":[{"href":"https:\/\/www.radioluna.it\/news\/wp-json\/wp\/v2\/posts"}],"about":[{"href":"https:\/\/www.radioluna.it\/news\/wp-json\/wp\/v2\/types\/post"}],"author":[{"embeddable":true,"href":"https:\/\/www.radioluna.it\/news\/wp-json\/wp\/v2\/users\/62"}],"replies":[{"embeddable":true,"href":"https:\/\/www.radioluna.it\/news\/wp-json\/wp\/v2\/comments?post=260154"}],"version-history":[{"count":0,"href":"https:\/\/www.radioluna.it\/news\/wp-json\/wp\/v2\/posts\/260154\/revisions"}],"wp:featuredmedia":[{"embeddable":true,"href":"https:\/\/www.radioluna.it\/news\/wp-json\/wp\/v2\/media\/251310"}],"wp:attachment":[{"href":"https:\/\/www.radioluna.it\/news\/wp-json\/wp\/v2\/media?parent=260154"}],"wp:term":[{"taxonomy":"category","embeddable":true,"href":"https:\/\/www.radioluna.it\/news\/wp-json\/wp\/v2\/categories?post=260154"},{"taxonomy":"post_tag","embeddable":true,"href":"https:\/\/www.radioluna.it\/news\/wp-json\/wp\/v2\/tags?post=260154"}],"curies":[{"name":"wp","href":"https:\/\/api.w.org\/{rel}","templated":true}]}}