{"id":260156,"date":"2020-01-14T17:34:10","date_gmt":"2020-01-14T16:34:10","guid":{"rendered":"https:\/\/www.radioluna.it\/news\/?p=260156"},"modified":"2020-01-16T13:25:32","modified_gmt":"2020-01-16T12:25:32","slug":"nella-parrocchia-di-sezze-scalo-un-teologo-racconta-san-carlo","status":"publish","type":"post","link":"https:\/\/www.radioluna.it\/news\/2020\/01\/nella-parrocchia-di-sezze-scalo-un-teologo-racconta-san-carlo\/","title":{"rendered":"Nella parrocchia di Sezze Scalo, un teologo racconta San Carlo"},"content":{"rendered":"<div id=\"fb-root\"><\/div>\n<p style=\"text-align: justify;\"><strong>SEZZE<\/strong> &#8211; Mercoled\u00ec 15 gennaio alle 21 presso la chiesa parrocchiale San Carlo da Sezze a Sezze Scalo, frate Massimo Fusarelli, appartenente all&#8217;Ordine dei Frati Minori, teologo e parroco di San Francesco a Ripa a Roma dove sono custodite le spoglie del Santo, terr\u00e0 un incontro tematico sulla storia del patrono di Sezze, al secolo Giancarlo Marchionne, che Papa Giovanni XXIII fece Santo nel 1959. &#8220;L&#8217;occasione permetter\u00e0 alla Comunit\u00e0 di conoscere da vicino la vita di San Carlo da Sezze e di coglierne l&#8217;attualit\u00e0&#8221;, spiegano dalla parrocchia.<\/p>\n","protected":false},"excerpt":{"rendered":"<p>SEZZE &#8211; Mercoled\u00ec 15 gennaio alle 21 presso la chiesa parrocchiale San Carlo da Sezze a Sezze Scalo, frate Massimo Fusarelli, appartenente all&#8217;Ordine dei Frati Minori, teologo e parroco di San Francesco a Ripa a Roma dove sono custodite le spoglie del Santo, terr\u00e0 un incontro tematico sulla storia del patrono di Sezze, al secolo [&hellip;]<\/p>\n","protected":false},"author":62,"featured_media":260157,"comment_status":"open","ping_status":"open","sticky":false,"template":"","format":"standard","meta":{"footnotes":""},"categories":[16],"tags":[],"class_list":["post-260156","post","type-post","status-publish","format-standard","has-post-thumbnail","hentry","category-appuntamenti"],"_links":{"self":[{"href":"https:\/\/www.radioluna.it\/news\/wp-json\/wp\/v2\/posts\/260156","targetHints":{"allow":["GET"]}}],"collection":[{"href":"https:\/\/www.radioluna.it\/news\/wp-json\/wp\/v2\/posts"}],"about":[{"href":"https:\/\/www.radioluna.it\/news\/wp-json\/wp\/v2\/types\/post"}],"author":[{"embeddable":true,"href":"https:\/\/www.radioluna.it\/news\/wp-json\/wp\/v2\/users\/62"}],"replies":[{"embeddable":true,"href":"https:\/\/www.radioluna.it\/news\/wp-json\/wp\/v2\/comments?post=260156"}],"version-history":[{"count":0,"href":"https:\/\/www.radioluna.it\/news\/wp-json\/wp\/v2\/posts\/260156\/revisions"}],"wp:featuredmedia":[{"embeddable":true,"href":"https:\/\/www.radioluna.it\/news\/wp-json\/wp\/v2\/media\/260157"}],"wp:attachment":[{"href":"https:\/\/www.radioluna.it\/news\/wp-json\/wp\/v2\/media?parent=260156"}],"wp:term":[{"taxonomy":"category","embeddable":true,"href":"https:\/\/www.radioluna.it\/news\/wp-json\/wp\/v2\/categories?post=260156"},{"taxonomy":"post_tag","embeddable":true,"href":"https:\/\/www.radioluna.it\/news\/wp-json\/wp\/v2\/tags?post=260156"}],"curies":[{"name":"wp","href":"https:\/\/api.w.org\/{rel}","templated":true}]}}