{"id":260223,"date":"2020-01-15T11:32:23","date_gmt":"2020-01-15T10:32:23","guid":{"rendered":"https:\/\/www.radioluna.it\/news\/?p=260223"},"modified":"2020-01-15T11:32:23","modified_gmt":"2020-01-15T10:32:23","slug":"zaccheo-affossato-da-fuoco-amico-si-trovi-la-manina-che-procuro-il-video-falso","status":"publish","type":"post","link":"https:\/\/www.radioluna.it\/news\/2020\/01\/zaccheo-affossato-da-fuoco-amico-si-trovi-la-manina-che-procuro-il-video-falso\/","title":{"rendered":"&#8220;Zaccheo affossato da fuoco amico, si trovi la &#8220;manina&#8221; che procur\u00f2 il video falso&#8221;"},"content":{"rendered":"<div id=\"fb-root\"><\/div>\n<p style=\"text-align: justify;\"><strong>LATINA &#8211;<\/strong> &#8220;Zaccheo fu affossato da \u201cfuoco amico\u201d. E&#8217; il commento dell&#8217;ex segretario di Alleanza Nazionale Silvano Moffa. \u201cLa sentenza sulla vicenda dell\u2019ex sindaco di Latina, esposto alla denigrazione pubblica dalla contraffazione operata su un suo labiale da \u201cStriscia la Notizia\u201d, rende finalmente giustizia. Una squallida vicenda usata &#8211; aggiunge Moffa &#8211; per disarcionare\u00a0 un sindaco e un amministratore che godeva della fiducia della sua citt\u00e0\u201d. La dichiarazione arriva a poche ore dalla notizia della condanna per diffamazione inflitta a Rti Spa che dovr\u00e0 pagare 50 mila euro.<br \/>\n\u201cIn quel periodo &#8211; ricorda l\u2019esponente politico &#8211; ero commissario della federazione di An nella provincia pontina. Sarebbe interessante, oltre che, anche questo, un atto di giustizia, risalire alla manina che procur\u00f2 un video falso al solo fine di interrompere il lavoro amministrativo di Zaccheo, compromettendone la carriera politica. Con singolare coincidenza, dopo quella trasmissione diffamatoria, Zaccheo venne sfiduciato, affossato dal fuoco amico. Qualcuno dovrebbe ora risponderne. Molte cose strane sono accadute a Latina in quel periodo e alcuni dei protagonisti in negativo di quella fase della vita politica cittadina sono finiti nelle cronache giudiziarie\u201d<\/p>\n<p style=\"text-align: justify;\">Secondo Gianni Chiarato, che allora era consigliere comunale di An e presidente della commissione lavori pubblici, si \u00e8 trattato di una &#8220;patacca che, per\u00f2, ha cambiato le sorti della citt\u00e0 di Latina. Si \u00e9 voluto, artatamente, porre fine ad una esperienza amministrativa. Chiarato ricorda i progetti\u00a0 e afferma che &#8220;la citt\u00e0 e il centrodestra ancora oggi sono ferme a quella ingiustizia sub\u00ecta dall&#8217;ultimo Sindaco degno di nota che Latina abbia conosciuto negli ultimi decenni. Basti soltanto ricordare il pi\u00f9 grande evento che ha portato Latina nella considerazione di tutta Italia : l&#8217;Adunata Nazionale degli Alpini. Dopo di allora l&#8217;eclissi della Politica&#8221;.<\/p>\n","protected":false},"excerpt":{"rendered":"<p>LATINA &#8211; &#8220;Zaccheo fu affossato da \u201cfuoco amico\u201d. E&#8217; il commento dell&#8217;ex segretario di Alleanza Nazionale Silvano Moffa. \u201cLa sentenza sulla vicenda dell\u2019ex sindaco di Latina, esposto alla denigrazione pubblica dalla contraffazione operata su un suo labiale da \u201cStriscia la Notizia\u201d, rende finalmente giustizia. Una squallida vicenda usata &#8211; aggiunge Moffa &#8211; per disarcionare\u00a0 un [&hellip;]<\/p>\n","protected":false},"author":62,"featured_media":3777,"comment_status":"open","ping_status":"open","sticky":false,"template":"","format":"standard","meta":{"footnotes":""},"categories":[8],"tags":[],"class_list":["post-260223","post","type-post","status-publish","format-standard","has-post-thumbnail","hentry","category-politica"],"_links":{"self":[{"href":"https:\/\/www.radioluna.it\/news\/wp-json\/wp\/v2\/posts\/260223","targetHints":{"allow":["GET"]}}],"collection":[{"href":"https:\/\/www.radioluna.it\/news\/wp-json\/wp\/v2\/posts"}],"about":[{"href":"https:\/\/www.radioluna.it\/news\/wp-json\/wp\/v2\/types\/post"}],"author":[{"embeddable":true,"href":"https:\/\/www.radioluna.it\/news\/wp-json\/wp\/v2\/users\/62"}],"replies":[{"embeddable":true,"href":"https:\/\/www.radioluna.it\/news\/wp-json\/wp\/v2\/comments?post=260223"}],"version-history":[{"count":0,"href":"https:\/\/www.radioluna.it\/news\/wp-json\/wp\/v2\/posts\/260223\/revisions"}],"wp:featuredmedia":[{"embeddable":true,"href":"https:\/\/www.radioluna.it\/news\/wp-json\/wp\/v2\/media\/3777"}],"wp:attachment":[{"href":"https:\/\/www.radioluna.it\/news\/wp-json\/wp\/v2\/media?parent=260223"}],"wp:term":[{"taxonomy":"category","embeddable":true,"href":"https:\/\/www.radioluna.it\/news\/wp-json\/wp\/v2\/categories?post=260223"},{"taxonomy":"post_tag","embeddable":true,"href":"https:\/\/www.radioluna.it\/news\/wp-json\/wp\/v2\/tags?post=260223"}],"curies":[{"name":"wp","href":"https:\/\/api.w.org\/{rel}","templated":true}]}}