{"id":260358,"date":"2020-01-17T10:18:21","date_gmt":"2020-01-17T09:18:21","guid":{"rendered":"https:\/\/www.radioluna.it\/news\/?p=260358"},"modified":"2020-01-22T14:03:09","modified_gmt":"2020-01-22T13:03:09","slug":"a-latina-il-campione-del-mondo-di-finger-food-fabio-mancuso","status":"publish","type":"post","link":"https:\/\/www.radioluna.it\/news\/2020\/01\/a-latina-il-campione-del-mondo-di-finger-food-fabio-mancuso\/","title":{"rendered":"A Latina il campione del mondo di finger food Fabio Mancuso"},"content":{"rendered":"<div id=\"fb-root\"><\/div>\n<p style=\"text-align: justify;\"><strong>LATINA<\/strong> &#8211; E&#8217; campione mondiale di finger food e martedi 21 gennaio (alle 18) il cuoco palermitano Fabio Mancuso sar\u00e0 a Latina per una lezione presso la Scuola di Cucina Sale. In circa 4 ore di incontro che si terranno nella sede di Via Mario Siciliano (l&#8217;evento \u00e8 a pagamento), lo chef che \u00e8 anche membro della nazionale italiana cuochi, insegner\u00e0 le tecniche ma anche i segreti del cibo di strada.<\/p>\n","protected":false},"excerpt":{"rendered":"<p>LATINA &#8211; E&#8217; campione mondiale di finger food e martedi 21 gennaio (alle 18) il cuoco palermitano Fabio Mancuso sar\u00e0 a Latina per una lezione presso la Scuola di Cucina Sale. In circa 4 ore di incontro che si terranno nella sede di Via Mario Siciliano (l&#8217;evento \u00e8 a pagamento), lo chef che \u00e8 anche [&hellip;]<\/p>\n","protected":false},"author":62,"featured_media":260359,"comment_status":"open","ping_status":"open","sticky":false,"template":"","format":"standard","meta":{"footnotes":""},"categories":[16],"tags":[],"class_list":["post-260358","post","type-post","status-publish","format-standard","has-post-thumbnail","hentry","category-appuntamenti"],"_links":{"self":[{"href":"https:\/\/www.radioluna.it\/news\/wp-json\/wp\/v2\/posts\/260358","targetHints":{"allow":["GET"]}}],"collection":[{"href":"https:\/\/www.radioluna.it\/news\/wp-json\/wp\/v2\/posts"}],"about":[{"href":"https:\/\/www.radioluna.it\/news\/wp-json\/wp\/v2\/types\/post"}],"author":[{"embeddable":true,"href":"https:\/\/www.radioluna.it\/news\/wp-json\/wp\/v2\/users\/62"}],"replies":[{"embeddable":true,"href":"https:\/\/www.radioluna.it\/news\/wp-json\/wp\/v2\/comments?post=260358"}],"version-history":[{"count":0,"href":"https:\/\/www.radioluna.it\/news\/wp-json\/wp\/v2\/posts\/260358\/revisions"}],"wp:featuredmedia":[{"embeddable":true,"href":"https:\/\/www.radioluna.it\/news\/wp-json\/wp\/v2\/media\/260359"}],"wp:attachment":[{"href":"https:\/\/www.radioluna.it\/news\/wp-json\/wp\/v2\/media?parent=260358"}],"wp:term":[{"taxonomy":"category","embeddable":true,"href":"https:\/\/www.radioluna.it\/news\/wp-json\/wp\/v2\/categories?post=260358"},{"taxonomy":"post_tag","embeddable":true,"href":"https:\/\/www.radioluna.it\/news\/wp-json\/wp\/v2\/tags?post=260358"}],"curies":[{"name":"wp","href":"https:\/\/api.w.org\/{rel}","templated":true}]}}