{"id":260370,"date":"2020-01-21T12:35:01","date_gmt":"2020-01-21T11:35:01","guid":{"rendered":"https:\/\/www.radioluna.it\/news\/?p=260370"},"modified":"2020-01-24T09:52:35","modified_gmt":"2020-01-24T08:52:35","slug":"il-teatro-moderno-di-latina-sara-intitolato-a-don-alessandrini-fondatore-delloratorio-san-marco","status":"publish","type":"post","link":"https:\/\/www.radioluna.it\/news\/2020\/01\/il-teatro-moderno-di-latina-sara-intitolato-a-don-alessandrini-fondatore-delloratorio-san-marco\/","title":{"rendered":"Il teatro Moderno di Latina sar\u00e0 intitolato a Don Alessandrini fondatore dell&#8217;Oratorio San Marco"},"content":{"rendered":"<div id=\"fb-root\"><\/div>\n<p style=\"text-align: center;\"><strong><img loading=\"lazy\" decoding=\"async\" class=\"alignnone size-full wp-image-260373\" src=\"https:\/\/www.radioluna.it\/news\/wp-content\/uploads\/2020\/01\/don-alessandrini.jpg\" alt=\"\" width=\"559\" height=\"429\" srcset=\"https:\/\/www.radioluna.it\/news\/wp-content\/uploads\/2020\/01\/don-alessandrini.jpg 559w, https:\/\/www.radioluna.it\/news\/wp-content\/uploads\/2020\/01\/don-alessandrini-300x230.jpg 300w\" sizes=\"auto, (max-width: 559px) 100vw, 559px\" \/><\/strong><\/p>\n<p style=\"text-align: justify;\"><strong>LATINA &#8211; <\/strong>Il teatro Moderno di Latina sar\u00e0 intitolato al salesiano che fond\u00f2 l&#8217;oratorio di San Marco e volle con tutto s\u00e9 stesso realizzare anche la struttura teatrale per educare i giovani secondo la regola di Don Bosco. Era Don Armando Alessandrini. L&#8217;idea della dedicazione, condivisa appieno dall&#8217;Ordine che ancora oggi regge la Chiesa Cattedrale di Latina,\u00a0 \u00e8 arrivata dall&#8217;assessore al Bilancio e all&#8217;Istruzione del Comune, Gianmarco Proietti, ex animatore e da ragazzo tra i pi\u00f9 attivi frequentatori del Centro Giovanile di Via Sisto V, che si \u00e8 appassionato alla figura del sacerdote descritto da Clemente Ciammaruconi nel volume \u201cUn clero per la citt\u00e0 nuova\u201d (ed. LAS &#8211; Roma).\u00a0 &#8220;Una storia da raccontare&#8221;, spiega Proietti parlando del &#8220;don&#8221; che fu cacciato da Littoria, perch\u00e9 durante il Regime preferiva far giocare i ragazzi in oratorio piuttosto che mandarli alle parate militari.<\/p>\n<p style=\"text-align: justify;\"><strong>IL DOCUFILM<\/strong> &#8211; Per parlare della figura di Armando Alessandrini \u00e8 stato realizzato anche il\u00a0 docufilm <em>&#8220;Lo scudo dell&#8217;altro&#8221;<\/em> della Senape Production per la regia di Gloria Giordani, che sar\u00e0 presentato mercoled\u00ec 22 gennaio proprio al teatro Moderno come seconda tappa dell\u2019itinerario \u201cIl futuro della Memoria\u201d pensato dall\u2019Amministrazione Comunale di Latina &#8220;per accompagnare gli studenti anche alla riscoperta delle origini della citt\u00e0 proponendo\u00a0 &#8211; spiega Proietti &#8211; \ufb01gure di riferimento che possano dare ai nostri giovani un messaggio per un futuro di pace&#8221;. La prima tappa era stata l&#8217;incontro con il sopravvissuto alla Shoa Sami Modiano, la successiva sar\u00e0 il viaggio a Berlino per la Giornata della Memoria.<\/p>\n<p style=\"text-align: justify;\"><strong>GIUSTO FRA LE NAZIONI<\/strong> &#8211; &#8220;Quel teatro nella sua prima collocazione, che non \u00e8 quella attuale, fu voluto dal primo direttore dell&#8217;Opera dei salesiani di Littoria Don Armando Alessandrini, poco conosciuto a Latina, ma noto a livello mondiale dopo che nel 1990 fu nominato Giusto fra le Nazioni perch\u00e9 nel &#8217;44, a Roma, durante il rastrellamento dell&#8217; Appio-Tuscolano, nascose nella cupola del Pio XI pi\u00f9 di 70 bambini ebrei. Una storia di liberazione e di salvezza che oggi vogliamo ricordare, visto che Don Alessandrini dovette abbandonare Littoria dove era arrivato nel 1939 perch\u00e9 inviso al Federale del Regime fascista che voleva i ragazzi obbligati a frequentare la Gil e non il campo libero ed educativo dell&#8217;oratorio&#8221; racconta Proietti.<\/p>\n<p style=\"text-align: justify;\">&#8220;Occorre restituire all&#8217;oratorio &#8211; aggiunge l&#8217;assessore &#8211;\u00a0 a quello che ancora oggi \u00e8 un cuore nevralgico della citt\u00e0, la dimensione che gli spetta: il cortile di don Bosco non \u00e8 un campo da gioco, ma un Luogo educativo, dove la relazione diviene principio e ci si avvia alla vita. Accompagnare un gruppo di adolescenti ad Auschwitz o a Sachsenhausen senza sapere che l\u2019impegno di \ufb01gure come don Alessandrini ha allontanato la possibilit\u00e0 del campo di sterminio per tanti bambini per aprire le porte di campi da gioco, sarebbe cosa vana&#8221;.<\/p>\n<p><strong>ASCOLTA PROIETTI<\/strong><\/p>\n<audio class=\"wp-audio-shortcode\" id=\"audio-260370-1\" preload=\"none\" style=\"width: 100%;\" controls=\"controls\"><source type=\"audio\/mpeg\" src=\"https:\/\/www.radioluna.it\/news\/wp-content\/uploads\/2020\/01\/proietti.mp3?_=1\" \/><a href=\"https:\/\/www.radioluna.it\/news\/wp-content\/uploads\/2020\/01\/proietti.mp3\">https:\/\/www.radioluna.it\/news\/wp-content\/uploads\/2020\/01\/proietti.mp3<\/a><\/audio>\n<p style=\"text-align: justify;\"><strong>La figura del sacerdote \u00e8 stata descritta nelle pagine del volume \u201cUn clero per la citt\u00e0 nuova\u201d di Clemente Ciammaruconi (ed. LAS &#8211; Roma)\u00a0 e da Francesco Motto nel suo &#8220;Non abbiamo fatto che il nostro dovere&#8221; (pubblicato dall&#8217;Istituto Storico Salesiano di Roma).<\/strong><\/p>\n","protected":false},"excerpt":{"rendered":"<p>LATINA &#8211; Il teatro Moderno di Latina sar\u00e0 intitolato al salesiano che fond\u00f2 l&#8217;oratorio di San Marco e volle con tutto s\u00e9 stesso realizzare anche la struttura teatrale per educare i giovani secondo la regola di Don Bosco. Era Don Armando Alessandrini. L&#8217;idea della dedicazione, condivisa appieno dall&#8217;Ordine che ancora oggi regge la Chiesa Cattedrale [&hellip;]<\/p>\n","protected":false},"author":62,"featured_media":208225,"comment_status":"open","ping_status":"open","sticky":false,"template":"","format":"standard","meta":{"footnotes":""},"categories":[735,2310],"tags":[],"class_list":["post-260370","post","type-post","status-publish","format-standard","has-post-thumbnail","hentry","category-attualita","category-audio"],"_links":{"self":[{"href":"https:\/\/www.radioluna.it\/news\/wp-json\/wp\/v2\/posts\/260370","targetHints":{"allow":["GET"]}}],"collection":[{"href":"https:\/\/www.radioluna.it\/news\/wp-json\/wp\/v2\/posts"}],"about":[{"href":"https:\/\/www.radioluna.it\/news\/wp-json\/wp\/v2\/types\/post"}],"author":[{"embeddable":true,"href":"https:\/\/www.radioluna.it\/news\/wp-json\/wp\/v2\/users\/62"}],"replies":[{"embeddable":true,"href":"https:\/\/www.radioluna.it\/news\/wp-json\/wp\/v2\/comments?post=260370"}],"version-history":[{"count":0,"href":"https:\/\/www.radioluna.it\/news\/wp-json\/wp\/v2\/posts\/260370\/revisions"}],"wp:featuredmedia":[{"embeddable":true,"href":"https:\/\/www.radioluna.it\/news\/wp-json\/wp\/v2\/media\/208225"}],"wp:attachment":[{"href":"https:\/\/www.radioluna.it\/news\/wp-json\/wp\/v2\/media?parent=260370"}],"wp:term":[{"taxonomy":"category","embeddable":true,"href":"https:\/\/www.radioluna.it\/news\/wp-json\/wp\/v2\/categories?post=260370"},{"taxonomy":"post_tag","embeddable":true,"href":"https:\/\/www.radioluna.it\/news\/wp-json\/wp\/v2\/tags?post=260370"}],"curies":[{"name":"wp","href":"https:\/\/api.w.org\/{rel}","templated":true}]}}