{"id":260375,"date":"2020-01-17T14:32:15","date_gmt":"2020-01-17T13:32:15","guid":{"rendered":"https:\/\/www.radioluna.it\/news\/?p=260375"},"modified":"2020-01-22T14:03:03","modified_gmt":"2020-01-22T13:03:03","slug":"la-scomparsa-di-franco-luberti-lavvocato-che-fu-sindaco-e-senatore-del-pci","status":"publish","type":"post","link":"https:\/\/www.radioluna.it\/news\/2020\/01\/la-scomparsa-di-franco-luberti-lavvocato-che-fu-sindaco-e-senatore-del-pci\/","title":{"rendered":"La scomparsa di Franco Luberti, l&#8217;avvocato che fu sindaco e senatore del Pci"},"content":{"rendered":"<div id=\"fb-root\"><\/div>\n<p style=\"text-align: justify;\"><strong>LATINA &#8211;<\/strong> Fu sindaco di Cori all&#8217;et\u00e0 di 25 anni; dieci anni pi\u00f9 tardi, nel 1969, venne eletto deputato del Pci e poi, nel 1976, senatore; fu anche membro del Consiglio Superiore della Magistratura dal 1981 al 1986. Avvocato colto e stimato, intellettuale, appassionato di storia e letteratura, nelle aule di tribunale preferiva stare dalla parte dei deboli e nel processo per il Massacro del Circeo rappresent\u00f2 le parti civili, difensore dei partigiani romani nell\u2019azione di guerra di Via Rasella. Si \u00e8 spento oggi a Latina, all&#8217;et\u00e0 di 85 anni, Franco Luberti. La sua ultima lunga intervista, quasi un testamento, era stata raccolta da Pietro Vitelli nel libro &#8220;Cori e dintorni&#8221; (Herald Editore). Tra le ultime uscite pubbliche dell&#8217;avvocato, nel 2014 la presentazione del libro di Mauro Canali, &#8220;Il Tradimento. Gramsci Togliatti e la verit\u00e0 negata&#8221;, con l&#8217;autore, Licia Pastore, Mariopaolo Dario e Fulvio Iannaco.<\/p>\n<p style=\"text-align: justify;\">&#8220;Il Sindaco Damiano Coletta, a nome di tutta l\u2019Amministrazione comunale, esprime il suo cordoglio per la scomparsa di Franco Luberti, ex senatore del Partito Comunista Italiano ed ex Consigliere comunale di Latina e \u00a0rivolge alla sua famiglia le pi\u00f9 sentite condoglianze&#8221;, si legge in una nota.<\/p>\n<p style=\"text-align: justify;\">Profondo cordoglio per la sua morte \u00e8 stato espresso a nome dell\u2019Amministrazione Comunale e dell\u2019intera citt\u00e0 anche dal Sindaco di Cori, Mauro De Lillis: \u201c\u00c8 con dolore che abbiamo ricevuto la notizia della scomparsa di Franco Luberti. \u00c8 cos\u00ec che a Cori tutti lo chiamavano amichevolmente: solo Franco Luberti. Tutto il resto, le cariche professionali e istituzionali, erano, in un certo senso, \u201cun di pi\u00f9\u201d,\u00a0 <i>basta il suo nome per ricordare le sue battaglie professionali in processi importanti nella storia italiana<\/i>. Anche se alla fine degli anni \u201950, fu <i>eletto sindaco a soli 25 anni<\/i>, per i coresi \u00e8 sempre stato Franco Luberti. La sua persona e la sua personalit\u00e0 andavano ben al di l\u00e0 della sua carriera. Abbracciamo la famiglia.\u00a0E\u00a0<i>salutiamo Franco Luberti ringraziandolo per il contributo che ha dato alla Citt\u00e0 e all\u2019Italia<\/i>\u201d.<\/p>\n<p>Tanti i commenti di cordoglio e ammirazione per l&#8217;uomo e tra questi quello dell&#8217;ex sindaco di Latina Vincenzo Zaccheo: &#8220;Con Franco Luberti la nostra comunit\u00e0 provinciale perde uno degli uomini che pi\u00f9 le ha dato lustro&#8221;. Zaccheo racconta il primo incontro: &#8220;Quando a 22 anni entrai nell&#8217;Aula del Consiglio Comunale , pur appartenendo a storie e culture assai differenti (lui esponente di<br \/>\ngrande rilievo del Pci, io giovane militante del Movimento Sociale Italiano) rimanevo incantato nell&#8217;ascoltare un arte oratoria limpida e profonda come quella del Sen. Luberti&#8221;.<\/p>\n<p>Franco Luberti \u00e8 stato anche autore di alcuni libri:\u00a0 \u201cGramsci e i problemi della letteratura italiana\u201d, \u201cLa giustizia difficile\u201d e la raccolta di aforismi \u201cPiccole Attenzioni\u201d.<\/p>\n<p style=\"text-align: justify;\">Lascia i figli Alessandra e Bruno.<\/p>\n<p>&nbsp;<\/p>\n","protected":false},"excerpt":{"rendered":"<p>LATINA &#8211; Fu sindaco di Cori all&#8217;et\u00e0 di 25 anni; dieci anni pi\u00f9 tardi, nel 1969, venne eletto deputato del Pci e poi, nel 1976, senatore; fu anche membro del Consiglio Superiore della Magistratura dal 1981 al 1986. Avvocato colto e stimato, intellettuale, appassionato di storia e letteratura, nelle aule di tribunale preferiva stare dalla [&hellip;]<\/p>\n","protected":false},"author":62,"featured_media":260382,"comment_status":"open","ping_status":"open","sticky":false,"template":"","format":"standard","meta":{"footnotes":""},"categories":[7],"tags":[],"class_list":["post-260375","post","type-post","status-publish","format-standard","has-post-thumbnail","hentry","category-cronaca"],"_links":{"self":[{"href":"https:\/\/www.radioluna.it\/news\/wp-json\/wp\/v2\/posts\/260375","targetHints":{"allow":["GET"]}}],"collection":[{"href":"https:\/\/www.radioluna.it\/news\/wp-json\/wp\/v2\/posts"}],"about":[{"href":"https:\/\/www.radioluna.it\/news\/wp-json\/wp\/v2\/types\/post"}],"author":[{"embeddable":true,"href":"https:\/\/www.radioluna.it\/news\/wp-json\/wp\/v2\/users\/62"}],"replies":[{"embeddable":true,"href":"https:\/\/www.radioluna.it\/news\/wp-json\/wp\/v2\/comments?post=260375"}],"version-history":[{"count":0,"href":"https:\/\/www.radioluna.it\/news\/wp-json\/wp\/v2\/posts\/260375\/revisions"}],"wp:featuredmedia":[{"embeddable":true,"href":"https:\/\/www.radioluna.it\/news\/wp-json\/wp\/v2\/media\/260382"}],"wp:attachment":[{"href":"https:\/\/www.radioluna.it\/news\/wp-json\/wp\/v2\/media?parent=260375"}],"wp:term":[{"taxonomy":"category","embeddable":true,"href":"https:\/\/www.radioluna.it\/news\/wp-json\/wp\/v2\/categories?post=260375"},{"taxonomy":"post_tag","embeddable":true,"href":"https:\/\/www.radioluna.it\/news\/wp-json\/wp\/v2\/tags?post=260375"}],"curies":[{"name":"wp","href":"https:\/\/api.w.org\/{rel}","templated":true}]}}