{"id":260412,"date":"2020-01-17T18:54:23","date_gmt":"2020-01-17T17:54:23","guid":{"rendered":"https:\/\/www.radioluna.it\/news\/?p=260412"},"modified":"2020-01-19T15:26:00","modified_gmt":"2020-01-19T14:26:00","slug":"discarica-di-borgo-montello-il-sindaco-coletta-a-nessuno-venga-in-mente-di-riaprirla","status":"publish","type":"post","link":"https:\/\/www.radioluna.it\/news\/2020\/01\/discarica-di-borgo-montello-il-sindaco-coletta-a-nessuno-venga-in-mente-di-riaprirla\/","title":{"rendered":"Discarica di Borgo Montello, il sindaco Coletta: &#8220;A nessuno venga in mente di riaprirla&#8221;"},"content":{"rendered":"<div id=\"fb-root\"><\/div>\n<p style=\"text-align: justify;\"><strong>LATINA &#8211;<\/strong> &#8220;Sull&#8217;ipotesi di una riapertura della discarica di Borgo Montello Latina \u00e8 pronta alla mobilitazione&#8221;. Lo dice in una nota ufficiale il sindaco Damiano Coletta spiegando ai cittadini il tema, dopo alcune voci circolate con insistenza sulla possibilit\u00e0 che venga accordata alla Ecoambiente la richiesta di abbancare 38mila metri cubi di rifiuti mentre la bonifica non \u00e8 terminata.<\/p>\n<p><strong>ASCOLTA COLETTA<\/strong><\/p>\n<audio class=\"wp-audio-shortcode\" id=\"audio-260412-1\" preload=\"none\" style=\"width: 100%;\" controls=\"controls\"><source type=\"audio\/mpeg\" src=\"https:\/\/www.radioluna.it\/news\/wp-content\/uploads\/2020\/01\/coletta-discarica-1.mp3?_=1\" \/><a href=\"https:\/\/www.radioluna.it\/news\/wp-content\/uploads\/2020\/01\/coletta-discarica-1.mp3\">https:\/\/www.radioluna.it\/news\/wp-content\/uploads\/2020\/01\/coletta-discarica-1.mp3<\/a><\/audio>\n<p style=\"text-align: justify;\">\u00a0&#8220;Mercoled\u00ec 22 gennaio si terr\u00e0 la Conferenza dei servizi convocata dalla Regione Lazio sulla discarica di Borgo Montello e stando alle informazioni in mio possesso sembra che si stia valutando una riapertura, seppur parziale e temporanea, del sito. Mi auguro che la Regione non vada in questa direzione e che mantenga fede alle rassicurazioni che anche di recente mi aveva fornito. Se invece dovesse accadere davvero, penso che tutto questo sia inaccettabile per la comunit\u00e0 di Latina e in particolare per i residenti di Borgo Montello che nel corso degli anni hanno gi\u00e0 ampiamente dato in termini di riduzione della qualit\u00e0 della vita e per tutti gli altri risvolti facilmente immaginabili. Come Sindaco ho intenzione di adottare tutti gli strumenti a mia disposizione per impedire questa riapertura, compreso quello della mobilitazione&#8221;, lo scrive in una nota il sindaco di Latina Damiano Coletta. &#8220;Sono convinto che i Consiglieri regionali del territorio mi avrebbero informato di una simile ipotesi. Ovviamente spero che queste voci sulla riattivazione della discarica siano infondate, ma ritengo opportuno chiarire da subito quale sar\u00e0 la posizione della citt\u00e0 che rappresento e auspico di trovare al fianco mio e dei cittadini anche i rappresentanti del nostro territorio in Regione&#8221;.<\/p>\n<p style=\"text-align: justify;\">&#8220;Per quel sito &#8211; aggiunge l\u2019Assessore all\u2019Ambiente Roberto Lessio &#8211; c\u2019\u00e8 un programma di messa in sicurezza che deve arrivare a conclusione entro maggio 2020. Far ripartire gli smaltimenti a Borgo Montello significa gettare in fumo un percorso che va avanti da anni e per il quale sono stati presi impegni a vari livelli istituzionali. Non possiamo permettere che la discarica di Borgo Montello torni ad inquinare la salute di cittadini&#8221;.<\/p>\n<p style=\"text-align: justify;\">Nicoletta Zuliani del Pd\u00a0 annuncia che &#8220;a questa lontana quanto orrenda eventualit\u00e0, io e tutto il PD ci opporremo a tutti i costi pronti ad una battaglia senza se senza ma&#8221;. Ma se la prende proprio con l&#8217;assessore Lessio per &#8220;la mancata presentazione di osservazioni in sede di VAS sul Piano Rifiuti al fine di escludere definitivamente il sito di Borgo Montello&#8221; &#8220;Quelle osservazioni, caro sindaco, erano roba importante&#8221;, afferma Zuliani che chiede al sindaco di ritirare la delega a Lessio.<\/p>\n","protected":false},"excerpt":{"rendered":"<p>LATINA &#8211; &#8220;Sull&#8217;ipotesi di una riapertura della discarica di Borgo Montello Latina \u00e8 pronta alla mobilitazione&#8221;. Lo dice in una nota ufficiale il sindaco Damiano Coletta spiegando ai cittadini il tema, dopo alcune voci circolate con insistenza sulla possibilit\u00e0 che venga accordata alla Ecoambiente la richiesta di abbancare 38mila metri cubi di rifiuti mentre la [&hellip;]<\/p>\n","protected":false},"author":60,"featured_media":260425,"comment_status":"open","ping_status":"open","sticky":false,"template":"","format":"standard","meta":{"footnotes":""},"categories":[2310,8],"tags":[],"class_list":["post-260412","post","type-post","status-publish","format-standard","has-post-thumbnail","hentry","category-audio","category-politica"],"_links":{"self":[{"href":"https:\/\/www.radioluna.it\/news\/wp-json\/wp\/v2\/posts\/260412","targetHints":{"allow":["GET"]}}],"collection":[{"href":"https:\/\/www.radioluna.it\/news\/wp-json\/wp\/v2\/posts"}],"about":[{"href":"https:\/\/www.radioluna.it\/news\/wp-json\/wp\/v2\/types\/post"}],"author":[{"embeddable":true,"href":"https:\/\/www.radioluna.it\/news\/wp-json\/wp\/v2\/users\/60"}],"replies":[{"embeddable":true,"href":"https:\/\/www.radioluna.it\/news\/wp-json\/wp\/v2\/comments?post=260412"}],"version-history":[{"count":0,"href":"https:\/\/www.radioluna.it\/news\/wp-json\/wp\/v2\/posts\/260412\/revisions"}],"wp:featuredmedia":[{"embeddable":true,"href":"https:\/\/www.radioluna.it\/news\/wp-json\/wp\/v2\/media\/260425"}],"wp:attachment":[{"href":"https:\/\/www.radioluna.it\/news\/wp-json\/wp\/v2\/media?parent=260412"}],"wp:term":[{"taxonomy":"category","embeddable":true,"href":"https:\/\/www.radioluna.it\/news\/wp-json\/wp\/v2\/categories?post=260412"},{"taxonomy":"post_tag","embeddable":true,"href":"https:\/\/www.radioluna.it\/news\/wp-json\/wp\/v2\/tags?post=260412"}],"curies":[{"name":"wp","href":"https:\/\/api.w.org\/{rel}","templated":true}]}}