{"id":260431,"date":"2020-01-18T11:10:23","date_gmt":"2020-01-18T10:10:23","guid":{"rendered":"https:\/\/www.radioluna.it\/news\/?p=260431"},"modified":"2020-01-18T11:10:23","modified_gmt":"2020-01-18T10:10:23","slug":"daini-nel-parco-del-circeo-legambiente-terracina-non-si-usino-per-fini-elettorali","status":"publish","type":"post","link":"https:\/\/www.radioluna.it\/news\/2020\/01\/daini-nel-parco-del-circeo-legambiente-terracina-non-si-usino-per-fini-elettorali\/","title":{"rendered":"Daini nel Parco del Circeo, Legambiente Terracina: &#8220;Non si usino per fini elettorali&#8221;"},"content":{"rendered":"<div id=\"fb-root\"><\/div>\n<p style=\"text-align: justify;\"><strong>LATINA<\/strong> &#8211;<strong> &#8220;Sul brutale abbattimento dei daini previsto al Parco Nazionale del Circeo bisogna evitare ogni strumentalizzazione di una vicenda delicata e di grande impatto ecologico&#8221;.<\/strong> Legambiente Terracina irrompe del dibattito incorso da giorni e &#8220;boccia&#8221; i comuni (tra cui <a href=\"https:\/\/www.radioluna.it\/news\/2020\/01\/prossedi-il-sindaco-pincivero-pronti-ad-accogliere-i-daini\/\">Prossedi<\/a> e <a href=\"https:\/\/www.radioluna.it\/news\/2020\/01\/emergenza-daini-al-circeo-terracina-vuole-adottarli\/\">Terracina<\/a>) che si sono offerti di accogliere gli animali selvatici in aree recintate: &#8220;Mentre si lavora per trovare soluzioni innovative di gestione faunistica\u00a0 a un problema complesso &#8211; dicono gli ambientalisti &#8211; le amministrazioni locali danno il via ad una facile gara di dichiarazioni di solidariet\u00e0\u00a0 per adottare o far adottare i poveri daini&#8221;.<\/p>\n<p style=\"text-align: justify;\"><strong>IPOTESI PER PARCHI AUSONI E AURUNCI-<\/strong> L&#8217;associazione dopo la richiesta inviata nei giorni scorsi dai suoi Circoli, al Parco Regionale dei Monti Ausoni e Lago di Fondi e l\u2019Ente Parco Regionale Monti Aurunci per chiedere l&#8217; autorizzazione a trasferire l\u00ec i daini, proprio per evitare &#8220;forme cruente di prelievo&#8221;, spiega che il problema attuale \u00e8 grave (il Parco del Circeo ospita ormai una densit\u00e0 complessiva di daino pi\u00f9 che doppia, 42 esemplari per 100 ettari,\u00a0 rispetto alla capacit\u00e0 portante massima auspicata di 15-20 esemplari ogni 100 ettari): &#8220;<strong>L\u2019adozione di un Piano di gestione e di contenimento \u00e8 sicuramente una azione inevitabile se si vuole salvaguardare la stessa sopravvivenza dell\u2019ecosistema Parco e diamo atto alla Direzione del Parco del Circeo di aver proceduto su questa linea, ma quello che non comprendiamo \u00e8 perch\u00e9 non si siano evitati i rischi di una mattanza&#8221;<\/strong>.\u00a0 Pur riconoscendo la correttezza e la legittimit\u00e0 piena del piano del Parco del Circeo vagliato dall&#8217;Ispra e autorizzato dal Ministero, e ammettendo\u00a0 difficolt\u00e0 di spostare i 360 esemplari in altri luoghi (operazione che richiede comunque la cattura e la sterilizzazione <em>ndr<\/em>) si dice contraria agli abbattimenti e chiede che siano riviste le linee guida per il contenimento degli ungulati &#8220;pi\u00f9 in linea con la contemporanea sensibilit\u00e0 animalista, considerando la possibilit\u00e0 &#8211; come indicato dalla Legge 157\/1992 art. 19 \u201cControllo della fauna selvatica\u201d &#8211; che definisce la necessit\u00e0 di valutare preventivamente eventuali operazioni alternative all\u2019abbattimento&#8221;.<\/p>\n<p style=\"text-align: justify;\"><strong>NO AGLI ZOO<\/strong> &#8211; <strong>Nemmeno le cosiddette &#8220;adozioni&#8221; si profilano semplici<\/strong>. Gli ambientalisti ricordano\u00a0 &#8220;in merito al trasferimento che <strong>non \u00e8 facile fare recinti, poich\u00e9 il daino utilizza, di norma, tra i 200 e i 300 ettari come spazio vitale<\/strong> e le femmine utilizzano spazi differenti dai maschi e non possono essere inseriti in piccole aree altrimenti andremmo a creare condizioni da zoo assolutamente non compatibili con il loro benessere&#8221;.<\/p>\n<p style=\"text-align: justify;\"><strong>COMUNI &#8220;LEGGERI&#8221;<\/strong> &#8211;\u00a0 &#8220;<strong>Non devono essere gli eventuali interessi elettorali a delineare il destino di questi animali&#8221;<\/strong>, su questo dopo le dichiarazioni dei Comuni, l&#8217;associazione \u00e8 netta. &#8220;Poich\u00e9 il benessere degli animali \u00e8 l&#8217;obiettivo, tutte le alternative di sistemazione devono tener in conto la libert\u00e0 degli stessi, per consentire ad animali selvatici che possono vivere anche 17 anni di manifestare il loro comportamento naturale (anche se non pi\u00f9 come riproduttori)&#8221;.\u00a0 I Comuni invece &#8220;sull\u2019onda emotiva e, senza alcuna considerazione degli impatti ecologici e degli aspetti tecnici assai complessi, si propongono per adozioni sul proprio territorio, senza peraltro specificare su quali aree demaniali e con quali costi&#8221;.<\/p>\n","protected":false},"excerpt":{"rendered":"<p>LATINA &#8211; &#8220;Sul brutale abbattimento dei daini previsto al Parco Nazionale del Circeo bisogna evitare ogni strumentalizzazione di una vicenda delicata e di grande impatto ecologico&#8221;. Legambiente Terracina irrompe del dibattito incorso da giorni e &#8220;boccia&#8221; i comuni (tra cui Prossedi e Terracina) che si sono offerti di accogliere gli animali selvatici in aree recintate: [&hellip;]<\/p>\n","protected":false},"author":62,"featured_media":260450,"comment_status":"open","ping_status":"open","sticky":false,"template":"","format":"standard","meta":{"footnotes":""},"categories":[12],"tags":[],"class_list":["post-260431","post","type-post","status-publish","format-standard","has-post-thumbnail","hentry","category-ambiente"],"_links":{"self":[{"href":"https:\/\/www.radioluna.it\/news\/wp-json\/wp\/v2\/posts\/260431","targetHints":{"allow":["GET"]}}],"collection":[{"href":"https:\/\/www.radioluna.it\/news\/wp-json\/wp\/v2\/posts"}],"about":[{"href":"https:\/\/www.radioluna.it\/news\/wp-json\/wp\/v2\/types\/post"}],"author":[{"embeddable":true,"href":"https:\/\/www.radioluna.it\/news\/wp-json\/wp\/v2\/users\/62"}],"replies":[{"embeddable":true,"href":"https:\/\/www.radioluna.it\/news\/wp-json\/wp\/v2\/comments?post=260431"}],"version-history":[{"count":0,"href":"https:\/\/www.radioluna.it\/news\/wp-json\/wp\/v2\/posts\/260431\/revisions"}],"wp:featuredmedia":[{"embeddable":true,"href":"https:\/\/www.radioluna.it\/news\/wp-json\/wp\/v2\/media\/260450"}],"wp:attachment":[{"href":"https:\/\/www.radioluna.it\/news\/wp-json\/wp\/v2\/media?parent=260431"}],"wp:term":[{"taxonomy":"category","embeddable":true,"href":"https:\/\/www.radioluna.it\/news\/wp-json\/wp\/v2\/categories?post=260431"},{"taxonomy":"post_tag","embeddable":true,"href":"https:\/\/www.radioluna.it\/news\/wp-json\/wp\/v2\/tags?post=260431"}],"curies":[{"name":"wp","href":"https:\/\/api.w.org\/{rel}","templated":true}]}}