{"id":260442,"date":"2020-01-18T06:28:34","date_gmt":"2020-01-18T05:28:34","guid":{"rendered":"https:\/\/www.radioluna.it\/news\/?p=260442"},"modified":"2020-01-18T10:31:26","modified_gmt":"2020-01-18T09:31:26","slug":"prossedi-il-sindaco-pincivero-pronti-ad-accogliere-i-daini","status":"publish","type":"post","link":"https:\/\/www.radioluna.it\/news\/2020\/01\/prossedi-il-sindaco-pincivero-pronti-ad-accogliere-i-daini\/","title":{"rendered":"Prossedi, il sindaco Pincivero: &#8220;Pronti ad accogliere i daini&#8221;"},"content":{"rendered":"<div id=\"fb-root\"><\/div>\n<p style=\"text-align: justify;\">PROSSEDI &#8211; \u201cSe le condizioni lo permettessero e se non ci fossero particolari controindicazioni Prossedi aprirebbe volentieri le porte ai daini del Parco Nazionale del Circeo\u201d. Il sindaco Angelo Pincivero interviene sulla problematica legata all\u2019esubero dei daini del Circeo e offre la disponibilit\u00e0 a ricevere i deliziosi animali nelle aree boschive del territorio prossedano, compresa la zona di Pisterzo e La Torre. \u201cIn questo periodo nella mia comunit\u00e0 c\u2019\u00e8 un notevole fermento culturale, organizziamo sempre pi\u00f9 eventi e il grande pubblico sta riscoprendo sempre di pi\u00f9 la nostra area, i nostri famosi Vicoli e la nostra gente \u00e8 da sempre ospitale e ben disposta &#8211; riprende il sindaco del paese sospeso a met\u00e0 tra le province di Latina e Frosinone &#8211; per noi sarebbe un piacere dare una nuova casa ai daini del Parco, ovviamente andrebbero valutate le situazioni e quello che noi possiamo offrire, ma la disponibilit\u00e0 ad aprire un dialogo con l\u2019Ente Parco, con i veterinari e gli esperti c\u2019\u00e8 tutta\u201d. Il paese \u00e8 molto attivo nel recupero della propria memoria e delle proprie tradizioni. \u201cCi auguriamo che si possa trovare una soluzione per questa problematica e per questo la disponibilit\u00e0 da parte nostra c\u2019\u00e8 tutta, ora vogliamo comprendere come possiamo essere utili a questa causa\u201d.<\/p>\n","protected":false},"excerpt":{"rendered":"<p>PROSSEDI &#8211; \u201cSe le condizioni lo permettessero e se non ci fossero particolari controindicazioni Prossedi aprirebbe volentieri le porte ai daini del Parco Nazionale del Circeo\u201d. Il sindaco Angelo Pincivero interviene sulla problematica legata all\u2019esubero dei daini del Circeo e offre la disponibilit\u00e0 a ricevere i deliziosi animali nelle aree boschive del territorio prossedano, compresa [&hellip;]<\/p>\n","protected":false},"author":60,"featured_media":260443,"comment_status":"open","ping_status":"open","sticky":false,"template":"","format":"standard","meta":{"footnotes":""},"categories":[735],"tags":[],"class_list":["post-260442","post","type-post","status-publish","format-standard","has-post-thumbnail","hentry","category-attualita"],"_links":{"self":[{"href":"https:\/\/www.radioluna.it\/news\/wp-json\/wp\/v2\/posts\/260442","targetHints":{"allow":["GET"]}}],"collection":[{"href":"https:\/\/www.radioluna.it\/news\/wp-json\/wp\/v2\/posts"}],"about":[{"href":"https:\/\/www.radioluna.it\/news\/wp-json\/wp\/v2\/types\/post"}],"author":[{"embeddable":true,"href":"https:\/\/www.radioluna.it\/news\/wp-json\/wp\/v2\/users\/60"}],"replies":[{"embeddable":true,"href":"https:\/\/www.radioluna.it\/news\/wp-json\/wp\/v2\/comments?post=260442"}],"version-history":[{"count":0,"href":"https:\/\/www.radioluna.it\/news\/wp-json\/wp\/v2\/posts\/260442\/revisions"}],"wp:featuredmedia":[{"embeddable":true,"href":"https:\/\/www.radioluna.it\/news\/wp-json\/wp\/v2\/media\/260443"}],"wp:attachment":[{"href":"https:\/\/www.radioluna.it\/news\/wp-json\/wp\/v2\/media?parent=260442"}],"wp:term":[{"taxonomy":"category","embeddable":true,"href":"https:\/\/www.radioluna.it\/news\/wp-json\/wp\/v2\/categories?post=260442"},{"taxonomy":"post_tag","embeddable":true,"href":"https:\/\/www.radioluna.it\/news\/wp-json\/wp\/v2\/tags?post=260442"}],"curies":[{"name":"wp","href":"https:\/\/api.w.org\/{rel}","templated":true}]}}