{"id":260488,"date":"2020-01-20T08:05:51","date_gmt":"2020-01-20T07:05:51","guid":{"rendered":"https:\/\/www.radioluna.it\/news\/?p=260488"},"modified":"2020-01-22T17:32:57","modified_gmt":"2020-01-22T16:32:57","slug":"il-sentiero-della-legalita-sul-promontorio-del-circeo","status":"publish","type":"post","link":"https:\/\/www.radioluna.it\/news\/2020\/01\/il-sentiero-della-legalita-sul-promontorio-del-circeo\/","title":{"rendered":"Il Sentiero della legalit\u00e0 sul Promontorio del Circeo"},"content":{"rendered":"<div id=\"fb-root\"><\/div>\n<p style=\"text-align: justify;\"><strong>SAN FELICE CIRCEO &#8211; Un sentiero naturalistico nell&#8217;area del Promontorio del Circeo in cui erano state realizzate villette a schiera abusive, una vicenda durata decenni per quello che \u00e8 stato di fatto uno dei primi ecomostri italiani. &#8220;<\/strong>Il Sentiero della legalit\u00e0, snodandosi tra le bellezze naturalistiche e paesaggistiche, racconter\u00e0 e terr\u00e0 per sempre viva la memoria sulla storia del tentativo del cosiddetto &#8220;Sacco&#8221; del Promontorio pi\u00f9 famoso d&#8217;Italia&#8221;, sottolinea il direttore Paolo Cassola che con la\u00a0 determina n.234 del 31\/12\/2019 ha impegnato 40mila euro per la realizzazione del percorso a Quarto Caldo.<\/p>\n<p style=\"text-align: justify;\">LA STORIA &#8211; Tutto nasce da una licenza edilizia del 1973 rilasciata dal Comune di San Felice Circeo, che d\u00e0 il via a questa grande e abusiva edificazione (<strong>100mila metri cubi su 3 ettari in una zona di grande pregio naturalistico) <\/strong>su un&#8217;area gi\u00e0 all&#8217;interno del Parco nazionale &#8211; ricordano dall&#8217;Ente &#8211; . Da quel momento tra edificazioni e denunce inizi\u00f2 un lungo iter giudiziario e amministrativo durato decenni che tentava di salvare i rustici realizzati e di completare la lottizzazione avviata. La vicenda giudiziaria fortunatamente ha poi visto una positiva conclusione a favore dei ricorrenti Ente Parco e Comune di San felice Circeo che dal 1976, annullando le licenze edilizie e dando priorit\u00e0 all&#8217;azione di abbattimento, afferm\u00f2 con le sue successive amministrazioni, una precisa volont\u00e0 edilizia di doveroso contrasto al fenomeno dell&#8217;abusivismo edilizio soprattutto all&#8217;interno del Parco.<\/p>\n<p style=\"text-align: justify;\">&#8220;Un risultato raggiunto &#8211; sottolinea l&#8217;Ente Parco &#8211;\u00a0 grazie anche, e sar\u00e0 doveroso ricordali, ad alcuni protagonisti positivi di quella vicenda, tra i quali il giudice Luciano Infelisi ed il giornalista Antonio Cederna, accanto alle associazioni ambientaliste e non solo\u201d.<\/p>\n<p style=\"text-align: justify;\">L&#8217;obiettivo principale del &#8220;Sentiero naturalistico della legalit\u00e0 di Quarto Caldo&#8221; \u00e8 &#8220;favorire una riflessione culturale e pedagogica sui concetti di cittadinanza attiva, giustizia e responsabilit\u00e0 individuale, acquisendo consapevolezza su come promuovere cambiamenti sociali attraverso azioni&#8221;.<\/p>\n","protected":false},"excerpt":{"rendered":"<p>SAN FELICE CIRCEO &#8211; Un sentiero naturalistico nell&#8217;area del Promontorio del Circeo in cui erano state realizzate villette a schiera abusive, una vicenda durata decenni per quello che \u00e8 stato di fatto uno dei primi ecomostri italiani. &#8220;Il Sentiero della legalit\u00e0, snodandosi tra le bellezze naturalistiche e paesaggistiche, racconter\u00e0 e terr\u00e0 per sempre viva la [&hellip;]<\/p>\n","protected":false},"author":62,"featured_media":260494,"comment_status":"open","ping_status":"open","sticky":false,"template":"","format":"standard","meta":{"footnotes":""},"categories":[12],"tags":[],"class_list":["post-260488","post","type-post","status-publish","format-standard","has-post-thumbnail","hentry","category-ambiente"],"_links":{"self":[{"href":"https:\/\/www.radioluna.it\/news\/wp-json\/wp\/v2\/posts\/260488","targetHints":{"allow":["GET"]}}],"collection":[{"href":"https:\/\/www.radioluna.it\/news\/wp-json\/wp\/v2\/posts"}],"about":[{"href":"https:\/\/www.radioluna.it\/news\/wp-json\/wp\/v2\/types\/post"}],"author":[{"embeddable":true,"href":"https:\/\/www.radioluna.it\/news\/wp-json\/wp\/v2\/users\/62"}],"replies":[{"embeddable":true,"href":"https:\/\/www.radioluna.it\/news\/wp-json\/wp\/v2\/comments?post=260488"}],"version-history":[{"count":0,"href":"https:\/\/www.radioluna.it\/news\/wp-json\/wp\/v2\/posts\/260488\/revisions"}],"wp:featuredmedia":[{"embeddable":true,"href":"https:\/\/www.radioluna.it\/news\/wp-json\/wp\/v2\/media\/260494"}],"wp:attachment":[{"href":"https:\/\/www.radioluna.it\/news\/wp-json\/wp\/v2\/media?parent=260488"}],"wp:term":[{"taxonomy":"category","embeddable":true,"href":"https:\/\/www.radioluna.it\/news\/wp-json\/wp\/v2\/categories?post=260488"},{"taxonomy":"post_tag","embeddable":true,"href":"https:\/\/www.radioluna.it\/news\/wp-json\/wp\/v2\/tags?post=260488"}],"curies":[{"name":"wp","href":"https:\/\/api.w.org\/{rel}","templated":true}]}}