{"id":260537,"date":"2020-01-20T16:05:02","date_gmt":"2020-01-20T15:05:02","guid":{"rendered":"https:\/\/www.radioluna.it\/news\/?p=260537"},"modified":"2020-01-20T17:43:44","modified_gmt":"2020-01-20T16:43:44","slug":"san-sebastiano-martire-la-celebrazione-a-valvisciolo","status":"publish","type":"post","link":"https:\/\/www.radioluna.it\/news\/2020\/01\/san-sebastiano-martire-la-celebrazione-a-valvisciolo\/","title":{"rendered":"San Sebastiano Martire, la celebrazione a Valvisciolo"},"content":{"rendered":"<div id=\"fb-root\"><\/div>\n<p style=\"text-align: justify;\"><strong>LATINA &#8211;<\/strong> Polizie locali della provincia di Latina in festa, questa mattina, in onore di San Sebastiano Martire, patrono dei vigili urbani dal 1957. Proseguendo una tradizione iniziata nel 2019 dalla Polizia locale di Latina, quest\u2019anno \u00e8 stata Sermoneta a ospitare il raduno degli agenti, vantando anche una tradizione secolare del culto di San Sebastiano. A organizzare la cerimonia, i Comandi di Latina e Sermoneta insieme all\u2019Associazione Nazionale Carabinieri di Sermoneta.<br \/>\nAlla Santa Messa officiata da don Andrea, Priore dell\u2019Abbazia di Valvisciolo e animata dalla corale dell\u2019Abbazia, hanno preso parte Sindaci e Comandanti dei Comuni di Latina, Sermoneta, Aprilia, Cisterna, Cori, Rocca Massima, Bassiano, Norma, Pontinia, Sabaudia, Roccagorga, Fondi, Campodimele. Con loro, anche il Prefetto di Latina Maria Rosa Trio, il Presidente della Provincia Carlo Medici, il neo Questore di Latina Michele Spina e i vertici provinciali di Guardia di Finanza, Carabinieri e Aeronautica. Dopo la funzione e la lettura della \u201cPreghiera del vigile urbano\u201d, \u00e8 stato il momento degli interventi.<br \/>\n\u00abSiamo tanti oggi, ma speriamo di poter essere sempre di pi\u00f9 \u2013 ha detto nel suo intervento il comandante della Polizia locale di Latina Francesco Passaretti \u2013 affinch\u00e9 questa possa diventare non la festa delle polizie locali, ma della polizia locale: dobbiamo sentirci parte di un unico Corpo. Confidiamo nella rivisitazione dell\u2019ordinamento delle Polizie locali, fermo al 1986, affinch\u00e9 vengano individuati gli strumenti normativi e contrattuali adeguati ai compiti di sicurezza che siamo chiamati ad assolvere\u00bb. Passaretti ha affidato al comandante della Polizia locale di Sermoneta Pietro Bongo la targa con la preghiera del vigile urbano, che sar\u00e0 poi consegnata alla citt\u00e0 che ospiter\u00e0 il raduno provinciale nel 2021.<br \/>\nA seguire l\u2019intervento del Prefetto Trio, che ha ricordato il ruolo svolto dalla Polizia locale a garanzia della sicurezza stradale, ribadita anche nel corso di una riunione del 17 gennaio in Prefettura, e il presidente della Provincia che ha ribadito l\u2019impegno profuso da ogni singolo agente nonostante la carenza di organico in ogni Comune.<br \/>\nInfine, il saluto del sindaco di Sermoneta Giuseppina Giovannoli, che ha ringraziato a nome di tutti i sindaci \u00able donne e gli uomini della Polizia locale per l\u2019impegno a servizio delle nostre comunit\u00e0, e per la presenza costante nelle piccole e grandi battaglie quotidiane che le amministrazioni comunali conducono. Il mio augurio \u00e8 che tutti voi agenti possiate continuare a sentirvi parte di una squadra al servizio della collettivit\u00e0, e ancor pi\u00f9 del cittadino\u00bb.<\/p>\n<p>&nbsp;<\/p>\n","protected":false},"excerpt":{"rendered":"<p>LATINA &#8211; Polizie locali della provincia di Latina in festa, questa mattina, in onore di San Sebastiano Martire, patrono dei vigili urbani dal 1957. Proseguendo una tradizione iniziata nel 2019 dalla Polizia locale di Latina, quest\u2019anno \u00e8 stata Sermoneta a ospitare il raduno degli agenti, vantando anche una tradizione secolare del culto di San Sebastiano. [&hellip;]<\/p>\n","protected":false},"author":60,"featured_media":0,"comment_status":"open","ping_status":"open","sticky":false,"template":"","format":"standard","meta":{"footnotes":""},"categories":[16],"tags":[],"class_list":["post-260537","post","type-post","status-publish","format-standard","hentry","category-appuntamenti"],"_links":{"self":[{"href":"https:\/\/www.radioluna.it\/news\/wp-json\/wp\/v2\/posts\/260537","targetHints":{"allow":["GET"]}}],"collection":[{"href":"https:\/\/www.radioluna.it\/news\/wp-json\/wp\/v2\/posts"}],"about":[{"href":"https:\/\/www.radioluna.it\/news\/wp-json\/wp\/v2\/types\/post"}],"author":[{"embeddable":true,"href":"https:\/\/www.radioluna.it\/news\/wp-json\/wp\/v2\/users\/60"}],"replies":[{"embeddable":true,"href":"https:\/\/www.radioluna.it\/news\/wp-json\/wp\/v2\/comments?post=260537"}],"version-history":[{"count":0,"href":"https:\/\/www.radioluna.it\/news\/wp-json\/wp\/v2\/posts\/260537\/revisions"}],"wp:attachment":[{"href":"https:\/\/www.radioluna.it\/news\/wp-json\/wp\/v2\/media?parent=260537"}],"wp:term":[{"taxonomy":"category","embeddable":true,"href":"https:\/\/www.radioluna.it\/news\/wp-json\/wp\/v2\/categories?post=260537"},{"taxonomy":"post_tag","embeddable":true,"href":"https:\/\/www.radioluna.it\/news\/wp-json\/wp\/v2\/tags?post=260537"}],"curies":[{"name":"wp","href":"https:\/\/api.w.org\/{rel}","templated":true}]}}