{"id":260598,"date":"2020-01-21T14:31:16","date_gmt":"2020-01-21T13:31:16","guid":{"rendered":"https:\/\/www.radioluna.it\/news\/?p=260598"},"modified":"2020-01-21T19:24:45","modified_gmt":"2020-01-21T18:24:45","slug":"latina-prato-giallo-nelle-aiuole-di-piazza-del-popolo-e-una-varieta-giapponese","status":"publish","type":"post","link":"https:\/\/www.radioluna.it\/news\/2020\/01\/latina-prato-giallo-nelle-aiuole-di-piazza-del-popolo-e-una-varieta-giapponese\/","title":{"rendered":"Latina, prato giallo nelle aiuole di piazza del Popolo: \u00e8 una variet\u00e0 a bassa manutenzione e diventa verde d&#8217;estate"},"content":{"rendered":"<div id=\"fb-root\"><\/div>\n<p style=\"text-align: justify;\"><strong>LATINA &#8211;<\/strong> Il Restyling di Piazza del Popolo \u00e8 terminato, ma l&#8217;Amministrazione sembra orientata ad attendere la fine delle manifestazioni di Carnevale per evitare che il calpestio massivo dei giorni della festa, distrugga le aiuole appena sistemate. Dunque l&#8217;area di cantiere resta recintata e molti sbirciano all&#8217;interno per curiosare. E cos\u00ec facendo viene fuori che il prato \u00e8 completamente giallo. La scoperta \u00e8 stata fatta dalla consigliera comunale Marina Aramini (sua anche la foto) che ha deciso di pubblicare su Fb l&#8217;immagine e provare a spiegare la questione che potrebbe effettivamente suscitare qualche perplessit\u00e0. Il prato infatti non \u00e8 bruciato, tutt&#8217;altro: appartiene alla variet\u00e0 macroterme, cambia colore nelle diverse stagioni, \u00e8 resistente e ha bisogno di poca manutenzione. L&#8217;ideale (dal punto di vista della gestione) per una pubblica piazza. Quanto al colore: &#8220;Mi sono informata meglio\u00a0 e ho capito\u00a0 &#8211; scrive Aramini &#8211; che si \u00e8 proceduto alla piantumazione di un prato speciale, lo Zoysia Japonica, un prato a bassa manutenzione ancora poco conosciuto in Italia. In inverno diventa giallo ma durante la stagione calda o molto calda \u00e8 verde e esige poca acqua contribuendo anche al risparmio idrico&#8221;.<\/p>\n<p>&nbsp;<\/p>\n","protected":false},"excerpt":{"rendered":"<p>LATINA &#8211; Il Restyling di Piazza del Popolo \u00e8 terminato, ma l&#8217;Amministrazione sembra orientata ad attendere la fine delle manifestazioni di Carnevale per evitare che il calpestio massivo dei giorni della festa, distrugga le aiuole appena sistemate. Dunque l&#8217;area di cantiere resta recintata e molti sbirciano all&#8217;interno per curiosare. E cos\u00ec facendo viene fuori che [&hellip;]<\/p>\n","protected":false},"author":62,"featured_media":260599,"comment_status":"open","ping_status":"open","sticky":false,"template":"","format":"standard","meta":{"footnotes":""},"categories":[735],"tags":[],"class_list":["post-260598","post","type-post","status-publish","format-standard","has-post-thumbnail","hentry","category-attualita"],"_links":{"self":[{"href":"https:\/\/www.radioluna.it\/news\/wp-json\/wp\/v2\/posts\/260598","targetHints":{"allow":["GET"]}}],"collection":[{"href":"https:\/\/www.radioluna.it\/news\/wp-json\/wp\/v2\/posts"}],"about":[{"href":"https:\/\/www.radioluna.it\/news\/wp-json\/wp\/v2\/types\/post"}],"author":[{"embeddable":true,"href":"https:\/\/www.radioluna.it\/news\/wp-json\/wp\/v2\/users\/62"}],"replies":[{"embeddable":true,"href":"https:\/\/www.radioluna.it\/news\/wp-json\/wp\/v2\/comments?post=260598"}],"version-history":[{"count":0,"href":"https:\/\/www.radioluna.it\/news\/wp-json\/wp\/v2\/posts\/260598\/revisions"}],"wp:featuredmedia":[{"embeddable":true,"href":"https:\/\/www.radioluna.it\/news\/wp-json\/wp\/v2\/media\/260599"}],"wp:attachment":[{"href":"https:\/\/www.radioluna.it\/news\/wp-json\/wp\/v2\/media?parent=260598"}],"wp:term":[{"taxonomy":"category","embeddable":true,"href":"https:\/\/www.radioluna.it\/news\/wp-json\/wp\/v2\/categories?post=260598"},{"taxonomy":"post_tag","embeddable":true,"href":"https:\/\/www.radioluna.it\/news\/wp-json\/wp\/v2\/tags?post=260598"}],"curies":[{"name":"wp","href":"https:\/\/api.w.org\/{rel}","templated":true}]}}