{"id":260614,"date":"2020-01-21T16:10:27","date_gmt":"2020-01-21T15:10:27","guid":{"rendered":"https:\/\/www.radioluna.it\/news\/?p=260614"},"modified":"2020-01-22T17:15:56","modified_gmt":"2020-01-22T16:15:56","slug":"verdiana-costanzo-da-latina-al-paradiso-delle-signore","status":"publish","type":"post","link":"https:\/\/www.radioluna.it\/news\/2020\/01\/verdiana-costanzo-da-latina-al-paradiso-delle-signore\/","title":{"rendered":"Verdiana Costanzo, da Latina al Paradiso delle Signore"},"content":{"rendered":"<div id=\"fb-root\"><\/div>\n<p style=\"text-align: justify;\"><strong>LATINA<\/strong>\u00a0 &#8211;<strong> Si chiama Verdiana Costanzo, \u00e8 di Latina, ha 27 anni<\/strong> e sar\u00e0 un nuovo personaggio della seguitissima fiction Rai ispirata al romanzo di Emile Zola, <em>Il Paradiso delle Signore<\/em>. Nei panni di Lorena Mascoli, l&#8217;attrice pontina, che si \u00e8 diplomata all&#8217;Accademia Silvio D&#8217;Amico, entrer\u00e0 in scena nella puntata del 24 gennaio e il suo ingresso al Paradiso non sar\u00e0 senza conseguenze.<\/p>\n<p style=\"text-align: justify;\">Figlia di un architetto e di un&#8217; insegnante di educazione fisica entrambi molto conosciuti a Latina, Verdiana ha sempre avuto la passione per la recitazione e una volta preso il diploma, \u00e8 entrata nella famosa e selettiva Accademia romana dove si \u00e8 diplomata nel 2012 cominciando poi un&#8217; intensa attivit\u00e0 teatrale. Prima\u00a0 l&#8217;esordio con il regista di Latina Clemente Pernarella, poi via via sul palco con importanti attori e registi e, in ultimo, \u00e8 stata diretta da Massimo Popolizio ne <em>I Masnadieri<\/em>\u00a0 e <em>Ragazzi di Vita. <\/em>Nel suo curriculum anche il videoclip Sissi con un allora esordiente Sebastian Maulucci.<\/p>\n","protected":false},"excerpt":{"rendered":"<p>LATINA\u00a0 &#8211; Si chiama Verdiana Costanzo, \u00e8 di Latina, ha 27 anni e sar\u00e0 un nuovo personaggio della seguitissima fiction Rai ispirata al romanzo di Emile Zola, Il Paradiso delle Signore. Nei panni di Lorena Mascoli, l&#8217;attrice pontina, che si \u00e8 diplomata all&#8217;Accademia Silvio D&#8217;Amico, entrer\u00e0 in scena nella puntata del 24 gennaio e il [&hellip;]<\/p>\n","protected":false},"author":62,"featured_media":260611,"comment_status":"open","ping_status":"open","sticky":false,"template":"","format":"standard","meta":{"footnotes":""},"categories":[735],"tags":[],"class_list":["post-260614","post","type-post","status-publish","format-standard","has-post-thumbnail","hentry","category-attualita"],"_links":{"self":[{"href":"https:\/\/www.radioluna.it\/news\/wp-json\/wp\/v2\/posts\/260614","targetHints":{"allow":["GET"]}}],"collection":[{"href":"https:\/\/www.radioluna.it\/news\/wp-json\/wp\/v2\/posts"}],"about":[{"href":"https:\/\/www.radioluna.it\/news\/wp-json\/wp\/v2\/types\/post"}],"author":[{"embeddable":true,"href":"https:\/\/www.radioluna.it\/news\/wp-json\/wp\/v2\/users\/62"}],"replies":[{"embeddable":true,"href":"https:\/\/www.radioluna.it\/news\/wp-json\/wp\/v2\/comments?post=260614"}],"version-history":[{"count":0,"href":"https:\/\/www.radioluna.it\/news\/wp-json\/wp\/v2\/posts\/260614\/revisions"}],"wp:featuredmedia":[{"embeddable":true,"href":"https:\/\/www.radioluna.it\/news\/wp-json\/wp\/v2\/media\/260611"}],"wp:attachment":[{"href":"https:\/\/www.radioluna.it\/news\/wp-json\/wp\/v2\/media?parent=260614"}],"wp:term":[{"taxonomy":"category","embeddable":true,"href":"https:\/\/www.radioluna.it\/news\/wp-json\/wp\/v2\/categories?post=260614"},{"taxonomy":"post_tag","embeddable":true,"href":"https:\/\/www.radioluna.it\/news\/wp-json\/wp\/v2\/tags?post=260614"}],"curies":[{"name":"wp","href":"https:\/\/api.w.org\/{rel}","templated":true}]}}