{"id":260627,"date":"2020-01-23T15:22:20","date_gmt":"2020-01-23T14:22:20","guid":{"rendered":"https:\/\/www.radioluna.it\/news\/?p=260627"},"modified":"2020-03-01T16:42:30","modified_gmt":"2020-03-01T15:42:30","slug":"mad-compie-15-anni-larte-a-latina-nel-museo-che-non-ce","status":"publish","type":"post","link":"https:\/\/www.radioluna.it\/news\/2020\/01\/mad-compie-15-anni-larte-a-latina-nel-museo-che-non-ce\/","title":{"rendered":"Mad compie 15 anni: l&#8217;arte a Latina nel Museo che non c&#8217;\u00e8"},"content":{"rendered":"<div id=\"fb-root\"><\/div>\n<p style=\"padding-left: 40px; text-align: justify;\"><strong>LATINA<\/strong> &#8211; <strong>Mad, il Museo d&#8217; Arte diffusa di Latina (in origine Musica-Arte-Degustazione) compie 15 anni e si racconta e soprattutto racconta in che modo l&#8217;arte contemporanea ha conquistato un suo spazio a Latina, proprio grazie al Museo che non c&#8217;\u00e8.\u00a0<\/strong><\/p>\n<p style=\"text-align: justify;\">&#8220;Tanti si pongono il problema di come vivere d\u2019arte o mangiare con l&#8217;arte. Noi stiamo dimostrando se non altro che \u00e8 bello e naturale conviverci, stiamo dimostrando che senza arte non si pu\u00f2 stare. Averla portata nel tempo libero e averla trasformata in tempo liberato \u00e8 la mia pi\u00f9 grande soddisfazione&#8221;, dice <strong>Fabio D&#8217;Achille inventore e curatore di Mad<\/strong> che ha portato materia e colore in ogni dove, fedele alla regola contenuta nel nome che ha dato al suo progetto, ovvero diffondere l&#8217;arte.<\/p>\n<p style=\"text-align: justify;\"><strong>&#8220;La fruizione dell\u2019opera contemporanea &#8211; spiega ancora D&#8217;Achille &#8211;\u00a0 grazie all\u2019impegno e alle sinergie attivate su questo territorio, ha trovato nel progetto artistico di MAD un grande spazio fisico ma anche virtuale.<\/strong> In linea coi tempi e i modi della contemporaneit\u00e0, con la flessibilit\u00e0 degli spazi, con l\u2019energia dei volontari e degli artisti, col sostegno dei critici e degli storici dell\u2019arte, delle ultime gallerie d\u2019arte e dei privati, delle attivit\u00e0 commerciali e di enti pubblici e non solo, abbiamo avuto a disposizione gratuitamente e in un\u2019ottica di scambio, spazi, pareti, scale, vetrine, sale, studi, persino corridoi. E poi scuole, negozi, fabbriche, auditorium, cinema, teatri, giardini, piazze, corsie d\u2019ospedale, palestre, sale d\u2019attesa, hall di alberghi, centri commerciali. E quando \u00e8 stato possibile anche musei, gallerie, spazi espositivi&#8221;.<\/p>\n<p style=\"text-align: justify;\">Un impegno anima e corpo: &#8220;Questo \u00e8 quello che sento di dover fare, condividere ogni ricchezza, umana o materiale. <strong>Nessuno mi ha mai costretto in questo viaggio consapevole e colorato, anzi, ripeto, molti mi hanno aiutato e sostenuto<\/strong>&#8220;. E&#8217; cos\u00ec che &#8220;il Museo che non c&#8217;\u00e8&#8221;, ha insegnato ai cittadini di Latina a gustare l&#8217;arte di oggi, un mondo brulicante di creativit\u00e0 che aspettava di essere portato alla luce: &#8220;Ci si pu\u00f2 prendere un caff\u00e8, mangiare, farci un aperitivo, soggiornare, passeggiare, leggere, riflettere e ascoltare musica, ci si pu\u00f2 stare con gli amici e da solo, pu\u00f2 coesistere con un piazza, con un palazzo o con una cameretta,<strong> la trovi in vetrina ma anche quando studi o fai attivit\u00e0 fisica non c\u2019\u00e8 un luogo dove l&#8217;arte non sia bella e utile<\/strong>&#8220;.<\/p>\n<p><b>I LUOGHI E LE MOSTRE DI MAD &#8211;\u00a0<\/b> Sono in corso <strong>al Bar Poeta la personale di pittura di Alessandra Chicarella \u201cIl colore del metallo\u201d<\/strong> con le opere su tela e su carta che hanno illustrato il libro omonimo sceneggiato da <strong>Fabrizio Gargano<\/strong> di ALT! EDIZIONI (fino al 15 febbraio) e\u00a0 in contemporanea espone anche i bozzetti delle illustrazioni sulla <strong>Scala rossa della Libreria Feltrinelli<\/strong>.<\/p>\n<p style=\"text-align: justify;\"><strong>Al MaDXI<\/strong>, museo contemporaneo, <strong>la seconda edizione di \u201cAltraFoto\u201d<\/strong> la collettiva con Antonio Fratazzi, Antonio Sarubbi, Cristina Sisto, Letizia Sbergamo e Giuseppina Zenga a cura di Piero Leonardi che chiuder\u00e0 il 31 gennaio. <strong>Al Conservatorio Ottorino Respighi<\/strong> chiude a fine mese anche <strong>la personale di Piero Sanna<\/strong> e saranno ancora visitabili l\u2019installazione <strong>\u201cSinapsi\u201d di Nazzareno Flenghi<\/strong> e la personale<strong> \u201cCicatrici\u201d di Palmira Ciacciarelli. <\/strong><\/p>\n<p style=\"text-align: justify;\">Sempre fino al 31 gennaio saranno visitabili le mostre diffuse di <strong>Alessandra Chicarella \u201cVirata\u201d al<\/strong> <strong>Wine bar XXI Aprile<\/strong> e \u201c<strong>Painting Goldrake\u201d negli spazi di OlioCentrica. <\/strong>L<strong>&#8216;<\/strong>esposizione di pittura di <strong>Giovanna Patti \u201cDall\u2019alba al tramonto\u201d nel Lillabox del Jollybar<\/strong> e <strong>la mostra fotografica diffusa degli<\/strong> <strong>allievi di Icon frame al Conny\u2018S bar. Al<\/strong>\u00a0<strong>ristorante Il Muretto<\/strong> l<strong>a mostra di Maria Elena D\u2019Andrassi \u201cDigital flowers\u201d;<\/strong>\u00a0alla <strong>pizzeria Civico18 la personale \u201cPortraits\u201d di Cristiano Quagliozzi<\/strong> e <strong>allo studio dentistico Becherucci la personale fotografica \u201cBrides\u201d di Maria Antonietta Scarpari. <\/strong><\/p>\n<p style=\"text-align: justify;\">All\u2019Osteria Nicolosi c&#8217;\u00e8 la collettiva con Davide De Filippo, Fabrizio Gargano, Paolo Petrignani e Angela Maria Antuono e all\u2019<strong>Hotel Europa la personale di pittura di Antonella Catini<\/strong>; alla biglietteria del <strong>Cinema Oxer le tavole del libro illustrato \u201cFata bonifica\u201d di Francesca Cocco<\/strong> EDIZIONI IL SANDALO e infine nella s<strong>ede distaccata del Conservatorio di Musica Respighi la personale di pittura di Mauro Barreras.<\/strong> Al bistrot <strong>Pan di Via \u00e8 in corso la personale \u201cGuaches\u201d di Silvia Sofia Rosa<\/strong> e <strong>al risto wine bar Al Colonial la collettiva fotografica diffusa degli allievi di Icon Frame<\/strong>. Queste ultime tutte visitabili fino al 31 marzo.<\/p>\n<p style=\"text-align: justify;\">Permanenti sono le esposizioni di <strong>Anna Laura Patan\u00e9 presso la Camiceria Italiana<\/strong>, la personale di <strong>Magdalena Tomala al Gambrinus Pub<\/strong> e <strong>\u201cFlower&amp;blossom\u201d di Paola Acciarino <\/strong>presso la trattoria<strong> Il Giglio.\u00a0<\/strong><\/p>\n","protected":false},"excerpt":{"rendered":"<p>LATINA &#8211; Mad, il Museo d&#8217; Arte diffusa di Latina (in origine Musica-Arte-Degustazione) compie 15 anni e si racconta e soprattutto racconta in che modo l&#8217;arte contemporanea ha conquistato un suo spazio a Latina, proprio grazie al Museo che non c&#8217;\u00e8.\u00a0 &#8220;Tanti si pongono il problema di come vivere d\u2019arte o mangiare con l&#8217;arte. Noi [&hellip;]<\/p>\n","protected":false},"author":62,"featured_media":260628,"comment_status":"open","ping_status":"open","sticky":false,"template":"","format":"gallery","meta":{"footnotes":""},"categories":[15],"tags":[],"class_list":["post-260627","post","type-post","status-publish","format-gallery","has-post-thumbnail","hentry","category-cultura","post_format-post-format-gallery"],"_links":{"self":[{"href":"https:\/\/www.radioluna.it\/news\/wp-json\/wp\/v2\/posts\/260627","targetHints":{"allow":["GET"]}}],"collection":[{"href":"https:\/\/www.radioluna.it\/news\/wp-json\/wp\/v2\/posts"}],"about":[{"href":"https:\/\/www.radioluna.it\/news\/wp-json\/wp\/v2\/types\/post"}],"author":[{"embeddable":true,"href":"https:\/\/www.radioluna.it\/news\/wp-json\/wp\/v2\/users\/62"}],"replies":[{"embeddable":true,"href":"https:\/\/www.radioluna.it\/news\/wp-json\/wp\/v2\/comments?post=260627"}],"version-history":[{"count":0,"href":"https:\/\/www.radioluna.it\/news\/wp-json\/wp\/v2\/posts\/260627\/revisions"}],"wp:featuredmedia":[{"embeddable":true,"href":"https:\/\/www.radioluna.it\/news\/wp-json\/wp\/v2\/media\/260628"}],"wp:attachment":[{"href":"https:\/\/www.radioluna.it\/news\/wp-json\/wp\/v2\/media?parent=260627"}],"wp:term":[{"taxonomy":"category","embeddable":true,"href":"https:\/\/www.radioluna.it\/news\/wp-json\/wp\/v2\/categories?post=260627"},{"taxonomy":"post_tag","embeddable":true,"href":"https:\/\/www.radioluna.it\/news\/wp-json\/wp\/v2\/tags?post=260627"}],"curies":[{"name":"wp","href":"https:\/\/api.w.org\/{rel}","templated":true}]}}