{"id":260689,"date":"2020-01-22T13:41:45","date_gmt":"2020-01-22T12:41:45","guid":{"rendered":"https:\/\/www.radioluna.it\/news\/?p=260689"},"modified":"2020-01-24T09:52:28","modified_gmt":"2020-01-24T08:52:28","slug":"concessioni-fino-al-2033-balneari-riuniti-a-formia","status":"publish","type":"post","link":"https:\/\/www.radioluna.it\/news\/2020\/01\/concessioni-fino-al-2033-balneari-riuniti-a-formia\/","title":{"rendered":"Concessioni fino al 2033, balneari riuniti a Formia"},"content":{"rendered":"<div id=\"fb-root\"><\/div>\n<p style=\"text-align: justify;\"><strong>FORMIA<\/strong> &#8211; Si \u00e8 svolto marted\u00ec 21 gennaio a Formia nella sala Ribaud del Comune, il seminario tecnico formativo per le procedure di estensione delle concessioni balneari al 2033. Tantissimi i rappresentanti del mondo imprenditoriale e istituzionale presenti per confrontarsi insieme su come continuare a difendere il diritto dei concessionari a mantenere le proprie attivit\u00e0.<\/p>\n<p style=\"text-align: justify;\">Organizzato dalla CNA balneatori della provincia di Latina il seminario ha visto la partecipazione del sindaco di Formia Paola Villa, che ha portato i saluti inaugurali, del portavoce provinciale di CNA Balneatori Gianfilippo Di Russo del direttore di Cna Latina Antonello Testa e del coordinatore nazionale della categoria Crisitiano Tomei.<\/p>\n<p style=\"text-align: justify;\">&#8220;Le imprese balneari rappresentano un settore cruciale per l\u2019economia, la tutela\u00a0 e la gestione e la fruizione del territorio costiero. Parliamo di aziende che da anni contribuiscono con i loro investimenti a migliorare l\u2019offerta turistica della nostra provincia. La Cna continua il suo lavoro per l\u2019esclusione del comparto balneare italiano dall\u2019applicazione della Direttiva Bolkestein&#8221;, ha sottolineato il direttore di Cna Antonello Testa.<\/p>\n<p style=\"text-align: justify;\">Ad intervenire nel corso del seminario sono stati anche il vice sindaco di San Felice, il sindaco di Sperlonga, il vice sindaco di Gaeta ed in ogni intervento si \u00e8 evidenziata la disponibilit\u00e0 degli enti locali a trovare soluzioni efficaci a garantire, nel rispetto delle norme, la continuit\u00e0 aziendale alle concessioni legittimamente gi\u00e0 autorizzate.<\/p>\n<p style=\"text-align: justify;\">La Cna ha spiegato Testa, \u00e8 sul piano nazionale e territoriale schierata al fianco dei balneari e l\u2019auspicio che il 2020 possa dare maggiore forza e certezza a un settore strategico per la nostra economia sia nazionale che provinciale. Fin dal primo momento come associazione ricorda Testa, siamo schierati al fianco delle 30.000 imprese balneari italiane e come organizzazione provinciale delle centinaia di imprese balneari del nostro territorio affinch\u00e9 l\u2019estensione fino al 2033 sia al pi\u00f9 presto applicata amministrativamente in tutti i nove comuni del nostro litorale.<\/p>\n<p style=\"text-align: justify;\">Dello stesso tenore anche le dichiarazioni del portavoce provinciale di CNA balneari Gianfilippo Di Russo che parla di una riuscitissima iniziativa di confronto tecnico tra sindacato e pubblica amministrazione. Secondo Di Russo il seminario \u00e8 servito a tracciare una pi\u00f9 chiara linea di applicazione della legge nazionale che l&#8217;estensione della concessioni al 2033.<\/p>\n","protected":false},"excerpt":{"rendered":"<p>FORMIA &#8211; Si \u00e8 svolto marted\u00ec 21 gennaio a Formia nella sala Ribaud del Comune, il seminario tecnico formativo per le procedure di estensione delle concessioni balneari al 2033. Tantissimi i rappresentanti del mondo imprenditoriale e istituzionale presenti per confrontarsi insieme su come continuare a difendere il diritto dei concessionari a mantenere le proprie attivit\u00e0. [&hellip;]<\/p>\n","protected":false},"author":60,"featured_media":260690,"comment_status":"open","ping_status":"open","sticky":false,"template":"","format":"standard","meta":{"footnotes":""},"categories":[11],"tags":[],"class_list":["post-260689","post","type-post","status-publish","format-standard","has-post-thumbnail","hentry","category-economia"],"_links":{"self":[{"href":"https:\/\/www.radioluna.it\/news\/wp-json\/wp\/v2\/posts\/260689","targetHints":{"allow":["GET"]}}],"collection":[{"href":"https:\/\/www.radioluna.it\/news\/wp-json\/wp\/v2\/posts"}],"about":[{"href":"https:\/\/www.radioluna.it\/news\/wp-json\/wp\/v2\/types\/post"}],"author":[{"embeddable":true,"href":"https:\/\/www.radioluna.it\/news\/wp-json\/wp\/v2\/users\/60"}],"replies":[{"embeddable":true,"href":"https:\/\/www.radioluna.it\/news\/wp-json\/wp\/v2\/comments?post=260689"}],"version-history":[{"count":0,"href":"https:\/\/www.radioluna.it\/news\/wp-json\/wp\/v2\/posts\/260689\/revisions"}],"wp:featuredmedia":[{"embeddable":true,"href":"https:\/\/www.radioluna.it\/news\/wp-json\/wp\/v2\/media\/260690"}],"wp:attachment":[{"href":"https:\/\/www.radioluna.it\/news\/wp-json\/wp\/v2\/media?parent=260689"}],"wp:term":[{"taxonomy":"category","embeddable":true,"href":"https:\/\/www.radioluna.it\/news\/wp-json\/wp\/v2\/categories?post=260689"},{"taxonomy":"post_tag","embeddable":true,"href":"https:\/\/www.radioluna.it\/news\/wp-json\/wp\/v2\/tags?post=260689"}],"curies":[{"name":"wp","href":"https:\/\/api.w.org\/{rel}","templated":true}]}}