{"id":260754,"date":"2020-01-23T14:13:12","date_gmt":"2020-01-23T13:13:12","guid":{"rendered":"https:\/\/www.radioluna.it\/news\/?p=260754"},"modified":"2020-01-23T14:40:56","modified_gmt":"2020-01-23T13:40:56","slug":"strade-pontine-impegno-del-governo-per-la-pedemontana","status":"publish","type":"post","link":"https:\/\/www.radioluna.it\/news\/2020\/01\/strade-pontine-impegno-del-governo-per-la-pedemontana\/","title":{"rendered":"Strade pontine, impegno del Governo per la Pedemontana"},"content":{"rendered":"<div id=\"fb-root\"><\/div>\n<p style=\"text-align: justify;\">\n<p style=\"text-align: justify;\"><strong>FORMIA<\/strong> &#8211; Il sottosegretario alle infrastrutture Salvatore Margiotta ha confermato l&#8217;impegno\u00a0 per la realizzazione della Pedemontana. Lo riferisce il segretario del Pd Claudio Moscardelli che ha incontrato l&#8217;esponente di Governo facendo anche il punto con Anas. &#8220;Il progetto della pedemontana ha vissuto lunghi anni di paralisi a causa dell\u2019abbandono del primo progetto (proposto da Sandro Bartolomeo) che aveva costi contenuti e possibilit\u00e0 concreta di realizzazione. Si \u00e8 voluto seguire un\u2019altra strada e nel 2010 si \u00e8 proposto nell\u2019ambito della legge obiettivo un progetto faraonico del costo di 760 milioni di euro mai partito a causa dei costi esorbitanti . Abbandonato questo progetto oggi Anas sta lavorando nuovamente sul progetto proposto dall\u2019Amministrazione Bartolomeo nel 2015&#8221;, spiega il segretario provinciale Dem.<\/p>\n<p style=\"text-align: justify;\"><strong>STUDIO DI FATTIBILITA&#8217;<\/strong> &#8211; &#8220;\u00c8 in corso lo studio di fattibilit\u00e0 per il progetto meno costoso e in particolare si tratta di un intervento per una strada extraurbana di 7,9 km del costo di 172 milioni di euro, che consentirebbe di deviare il traffico pesante e di collegare il Porto di Gaeta alla Formia &#8211; Cassino su cui la Regione Lazio vuole stanziare 80 milioni di euro per il raddoppio in modo da connettere all\u2019autostrada A1 , corridoio europeo per la mobilit\u00e0 di persone e merci da e per l\u2019Europa, tutto il quadrante del sud pontino, la sua area industriale e il porto commerciale di Gaeta. Con questo Intervento sar\u00e0 possibile restituire alla fruibilit\u00e0 dei cittadini di Formia il lungomare percorso da traffico pesante.\u00a0 L\u2019intervento \u00e8 inserito nel contratto di programma 2016-2020 e nella delibera CIPE di approvazione del contratto di programma sono state stanziate risorse per 79,2 milioni di euro a fronte di un costo di 172 milioni di euro. L\u2019obiettivo \u00e8 quello di chiudere la fase di studio e andare in gara d\u2019appalto&#8221;.<\/p>\n<p style=\"text-align: justify;\"><strong>LA VISITA A FEBBRAIO<\/strong> &#8211;\u00a0 Per parlare di infrastrutture e sviluppo del sud pontino il PD organizzer\u00e0 a Formia un\u2019iniziativa con il sottosegretario alle Infrastrutture Sen. Salvatore Margiotta gioved\u00ec 20 febbraio. Con l\u2019occasione sar\u00e0 anche inaugurata ufficialmente la sede del PD di Formia gi\u00e0 in funzione per le attivit\u00e0 del Circolo, con il segretario Luca Magliozzi e il Presidente Gennaro Ciaramella.<\/p>\n","protected":false},"excerpt":{"rendered":"<p>FORMIA &#8211; Il sottosegretario alle infrastrutture Salvatore Margiotta ha confermato l&#8217;impegno\u00a0 per la realizzazione della Pedemontana. Lo riferisce il segretario del Pd Claudio Moscardelli che ha incontrato l&#8217;esponente di Governo facendo anche il punto con Anas. &#8220;Il progetto della pedemontana ha vissuto lunghi anni di paralisi a causa dell\u2019abbandono del primo progetto (proposto da Sandro [&hellip;]<\/p>\n","protected":false},"author":62,"featured_media":0,"comment_status":"open","ping_status":"open","sticky":false,"template":"","format":"standard","meta":{"footnotes":""},"categories":[8],"tags":[],"class_list":["post-260754","post","type-post","status-publish","format-standard","hentry","category-politica"],"_links":{"self":[{"href":"https:\/\/www.radioluna.it\/news\/wp-json\/wp\/v2\/posts\/260754","targetHints":{"allow":["GET"]}}],"collection":[{"href":"https:\/\/www.radioluna.it\/news\/wp-json\/wp\/v2\/posts"}],"about":[{"href":"https:\/\/www.radioluna.it\/news\/wp-json\/wp\/v2\/types\/post"}],"author":[{"embeddable":true,"href":"https:\/\/www.radioluna.it\/news\/wp-json\/wp\/v2\/users\/62"}],"replies":[{"embeddable":true,"href":"https:\/\/www.radioluna.it\/news\/wp-json\/wp\/v2\/comments?post=260754"}],"version-history":[{"count":0,"href":"https:\/\/www.radioluna.it\/news\/wp-json\/wp\/v2\/posts\/260754\/revisions"}],"wp:attachment":[{"href":"https:\/\/www.radioluna.it\/news\/wp-json\/wp\/v2\/media?parent=260754"}],"wp:term":[{"taxonomy":"category","embeddable":true,"href":"https:\/\/www.radioluna.it\/news\/wp-json\/wp\/v2\/categories?post=260754"},{"taxonomy":"post_tag","embeddable":true,"href":"https:\/\/www.radioluna.it\/news\/wp-json\/wp\/v2\/tags?post=260754"}],"curies":[{"name":"wp","href":"https:\/\/api.w.org\/{rel}","templated":true}]}}