{"id":260769,"date":"2020-01-23T16:30:45","date_gmt":"2020-01-23T15:30:45","guid":{"rendered":"https:\/\/www.radioluna.it\/news\/?p=260769"},"modified":"2020-01-23T17:03:50","modified_gmt":"2020-01-23T16:03:50","slug":"controlli-al-mercato-ortofrutticolo-di-fondi-sequestrate-4-tonnellate-di-patate","status":"publish","type":"post","link":"https:\/\/www.radioluna.it\/news\/2020\/01\/controlli-al-mercato-ortofrutticolo-di-fondi-sequestrate-4-tonnellate-di-patate\/","title":{"rendered":"Controlli al Mercato ortofrutticolo di Fondi: sequestrate 4 tonnellate di patate"},"content":{"rendered":"<div id=\"fb-root\"><\/div>\n<p style=\"text-align: justify;\"><strong>FONDI &#8211; Controlli sono stati svolti oggi dai carabinieri forestali al Mof, il Mercato ortofrutticolo di Fondi. <\/strong>Dieci le aziende visitate e per sette di queste sono stati adottati provvedimenti amministrativi per irregolarit\u00e0 nelle etichettatura dei prodotti, mentre altre due aziende sono state sanzionate per mancata tracciabilit\u00e0. In quest&#8217;ultimo caso \u00e8 stato disposto il <strong>sequestro di quattro tonnellate di patate e di una tonnellata di altri prodotti ortofrutticoli,<\/strong> ed elevate sanzioni per 3000 euro. I controlli sono stati svolti dai militari delle stazioni forestali di Fondi, Guidonia e Segni e con la collaborazione della a stazione locale dei carabinieri.<\/p>\n","protected":false},"excerpt":{"rendered":"<p>FONDI &#8211; Controlli sono stati svolti oggi dai carabinieri forestali al Mof, il Mercato ortofrutticolo di Fondi. Dieci le aziende visitate e per sette di queste sono stati adottati provvedimenti amministrativi per irregolarit\u00e0 nelle etichettatura dei prodotti, mentre altre due aziende sono state sanzionate per mancata tracciabilit\u00e0. In quest&#8217;ultimo caso \u00e8 stato disposto il sequestro [&hellip;]<\/p>\n","protected":false},"author":62,"featured_media":260770,"comment_status":"open","ping_status":"open","sticky":false,"template":"","format":"standard","meta":{"footnotes":""},"categories":[7],"tags":[],"class_list":["post-260769","post","type-post","status-publish","format-standard","has-post-thumbnail","hentry","category-cronaca"],"_links":{"self":[{"href":"https:\/\/www.radioluna.it\/news\/wp-json\/wp\/v2\/posts\/260769","targetHints":{"allow":["GET"]}}],"collection":[{"href":"https:\/\/www.radioluna.it\/news\/wp-json\/wp\/v2\/posts"}],"about":[{"href":"https:\/\/www.radioluna.it\/news\/wp-json\/wp\/v2\/types\/post"}],"author":[{"embeddable":true,"href":"https:\/\/www.radioluna.it\/news\/wp-json\/wp\/v2\/users\/62"}],"replies":[{"embeddable":true,"href":"https:\/\/www.radioluna.it\/news\/wp-json\/wp\/v2\/comments?post=260769"}],"version-history":[{"count":0,"href":"https:\/\/www.radioluna.it\/news\/wp-json\/wp\/v2\/posts\/260769\/revisions"}],"wp:featuredmedia":[{"embeddable":true,"href":"https:\/\/www.radioluna.it\/news\/wp-json\/wp\/v2\/media\/260770"}],"wp:attachment":[{"href":"https:\/\/www.radioluna.it\/news\/wp-json\/wp\/v2\/media?parent=260769"}],"wp:term":[{"taxonomy":"category","embeddable":true,"href":"https:\/\/www.radioluna.it\/news\/wp-json\/wp\/v2\/categories?post=260769"},{"taxonomy":"post_tag","embeddable":true,"href":"https:\/\/www.radioluna.it\/news\/wp-json\/wp\/v2\/tags?post=260769"}],"curies":[{"name":"wp","href":"https:\/\/api.w.org\/{rel}","templated":true}]}}