{"id":260775,"date":"2020-01-23T17:43:56","date_gmt":"2020-01-23T16:43:56","guid":{"rendered":"https:\/\/www.radioluna.it\/news\/?p=260775"},"modified":"2020-01-24T09:53:38","modified_gmt":"2020-01-24T08:53:38","slug":"amazon-video-punta-su-tiziano-ferro-un-doc-sul-cantante-di-latina","status":"publish","type":"post","link":"https:\/\/www.radioluna.it\/news\/2020\/01\/amazon-video-punta-su-tiziano-ferro-un-doc-sul-cantante-di-latina\/","title":{"rendered":"Amazon Video punta su Tiziano Ferro: un doc sul cantante di Latina"},"content":{"rendered":"<div id=\"fb-root\"><\/div>\n<p style=\"text-align: justify;\">LATINA &#8211; Amazon Prime Video punta su Tiziano Ferro. La piattaforma streaming ha annunciato oggi le nuove produzioni italiane dei prossimi mesi e tra queste il documentario sul cantante di Latina che racconter\u00e0, anche attraverso materiale inedito, il dietro le quinte della vita, personale e professionale, della star ora alle prese con i preparativi per Sanremo.<\/p>\n<p style=\"text-align: justify;\">\u201cSono felice di poter raccontare al pubblico e ai miei fan il lavoro di preparazione che c\u2019\u00e8 alla base dei live\u201d, ha dichiarato il cantante. \u201cOltre a un omaggio alla musica, questo film sar\u00e0 una finestra aperta sul mio mondo, sui miei affetti, sul mio lavoro, e permetter\u00e0 al pubblico di conoscermi ancora di pi\u00f9 sia sul piano artistico sia su quello personale\u201d. L&#8217;uscita del doc &#8220;Ferro&#8221; &#8211; questo il titolo &#8211; \u00e8 prevista per giugno.<\/p>\n<p>Oggi il cantante ha postato la foto di copertina sui suoi profili social.<\/p>\n","protected":false},"excerpt":{"rendered":"<p>LATINA &#8211; Amazon Prime Video punta su Tiziano Ferro. La piattaforma streaming ha annunciato oggi le nuove produzioni italiane dei prossimi mesi e tra queste il documentario sul cantante di Latina che racconter\u00e0, anche attraverso materiale inedito, il dietro le quinte della vita, personale e professionale, della star ora alle prese con i preparativi per [&hellip;]<\/p>\n","protected":false},"author":62,"featured_media":260776,"comment_status":"open","ping_status":"open","sticky":false,"template":"","format":"standard","meta":{"footnotes":""},"categories":[735,2439],"tags":[],"class_list":["post-260775","post","type-post","status-publish","format-standard","has-post-thumbnail","hentry","category-attualita","category-radioluna"],"_links":{"self":[{"href":"https:\/\/www.radioluna.it\/news\/wp-json\/wp\/v2\/posts\/260775","targetHints":{"allow":["GET"]}}],"collection":[{"href":"https:\/\/www.radioluna.it\/news\/wp-json\/wp\/v2\/posts"}],"about":[{"href":"https:\/\/www.radioluna.it\/news\/wp-json\/wp\/v2\/types\/post"}],"author":[{"embeddable":true,"href":"https:\/\/www.radioluna.it\/news\/wp-json\/wp\/v2\/users\/62"}],"replies":[{"embeddable":true,"href":"https:\/\/www.radioluna.it\/news\/wp-json\/wp\/v2\/comments?post=260775"}],"version-history":[{"count":0,"href":"https:\/\/www.radioluna.it\/news\/wp-json\/wp\/v2\/posts\/260775\/revisions"}],"wp:featuredmedia":[{"embeddable":true,"href":"https:\/\/www.radioluna.it\/news\/wp-json\/wp\/v2\/media\/260776"}],"wp:attachment":[{"href":"https:\/\/www.radioluna.it\/news\/wp-json\/wp\/v2\/media?parent=260775"}],"wp:term":[{"taxonomy":"category","embeddable":true,"href":"https:\/\/www.radioluna.it\/news\/wp-json\/wp\/v2\/categories?post=260775"},{"taxonomy":"post_tag","embeddable":true,"href":"https:\/\/www.radioluna.it\/news\/wp-json\/wp\/v2\/tags?post=260775"}],"curies":[{"name":"wp","href":"https:\/\/api.w.org\/{rel}","templated":true}]}}