{"id":260779,"date":"2020-01-24T08:17:32","date_gmt":"2020-01-24T07:17:32","guid":{"rendered":"https:\/\/www.radioluna.it\/news\/?p=260779"},"modified":"2020-01-24T13:25:16","modified_gmt":"2020-01-24T12:25:16","slug":"gestione-dei-rifiuti-prove-generali-di-concordia-tra-i-comuni-pontini-ma-bisogna-indicare-i-siti-di-stoccaggio","status":"publish","type":"post","link":"https:\/\/www.radioluna.it\/news\/2020\/01\/gestione-dei-rifiuti-prove-generali-di-concordia-tra-i-comuni-pontini-ma-bisogna-indicare-i-siti-di-stoccaggio\/","title":{"rendered":"Gestione dei rifiuti, prove generali di concordia tra i comuni pontini. Ma bisogna indicare i siti di stoccaggio"},"content":{"rendered":"<div id=\"fb-root\"><\/div>\n<p style=\"text-align: justify;\"><strong>LATINA &#8211; <\/strong>Prove di concordia tra i sindaci della provincia di Latina sulla delicata e sempre complicata gestione dei rifiuti che procede tra crisi,\u00a0 emergenze e il peso di decisioni che non risolvono problemi interni, ma al pi\u00f9 quelli dei gestori e di Roma. Per evitare pressioni e intromissioni e per garantire qualit\u00e0 e sostenibilit\u00e0 c&#8217;\u00e8 un&#8217;unica strada: trovare un accordo per chiudere il ciclo dei rifiuti in ambito provinciale. E&#8217; quanto hanno detto i rappresentanti dei Comuni seduti ieri al tavolo permanente che torner\u00e0 a riunirsi quattro volte al mese, ogni gioved\u00ec alle 15, per dare concretezza alle dichiarazioni di intenti.<\/p>\n<p style=\"text-align: justify;\">&#8220;Il primo passo \u00e8 trovare i comuni disposti ad accogliere sul proprio territorio siti di stoccaggio della frazione secca residua e gli impianti per il compost &#8211; spiega il presidente della Provincia Carlo Medici &#8211; Per favore per\u00f2 non si parli di discariche che oggi sono vietate dalla legge. Dobbiamo dimenticare il\u00a0 passato che ha offeso il territorio, oggi abbiamo norme e tecnologia e l&#8217;apertura del tavolo permanente \u00e8 funzionale a trovare soluzioni nel pi\u00f9 breve tempo possibile &#8211; aggiunge Medici &#8211;\u00a0 Su questo territorio pesa un ritardo che dobbiamo recuperare e lo possiamo fare solo superando la contrapposizione tra partiti e procedendo con l&#8217;obiettivo di una gestione pubblica che garantisca la qualit\u00e0 e l&#8217;economicit\u00e0 della gestione tutelando allo stesso tempo l&#8217;ambiente. Il secondo passo \u00e8 la creazione di un consorzio tra i comuni per gestire il ciclo dei rifiuti&#8221;.<\/p>\n<p style=\"text-align: justify;\">Ieri al tavolo ha relazionato Claudio Calamita assessore all\u2019ambiente del Comune di Colleferro che ha gi\u00e0 varato un consorzio tra nove comuni.<\/p>\n<p style=\"text-align: justify;\"><strong>Il punto con il Presidente della Provincia Carlo Medici<\/strong><\/p>\n<p><strong>ASCOLTA<\/strong><\/p>\n<audio class=\"wp-audio-shortcode\" id=\"audio-260779-1\" preload=\"none\" style=\"width: 100%;\" controls=\"controls\"><source type=\"audio\/mpeg\" src=\"https:\/\/www.radioluna.it\/news\/wp-content\/uploads\/2020\/01\/medici-rifiuti-2.mp3?_=1\" \/><a href=\"https:\/\/www.radioluna.it\/news\/wp-content\/uploads\/2020\/01\/medici-rifiuti-2.mp3\">https:\/\/www.radioluna.it\/news\/wp-content\/uploads\/2020\/01\/medici-rifiuti-2.mp3<\/a><\/audio>\n<p style=\"text-align: justify;\">Intanto il sindaco di Latina Damiano Coletta ha in mente un consiglio comunale ad hoc per ribadire il no di Latina alla riapertura della discarica di Borgo Montello. La questione su cui si deve pronunciare la Regione Lazio sar\u00e0 all&#8217;attenzione di una conferenza di servizi slittata e riconvocata per il 5 febbraio.<\/p>\n","protected":false},"excerpt":{"rendered":"<p>LATINA &#8211; Prove di concordia tra i sindaci della provincia di Latina sulla delicata e sempre complicata gestione dei rifiuti che procede tra crisi,\u00a0 emergenze e il peso di decisioni che non risolvono problemi interni, ma al pi\u00f9 quelli dei gestori e di Roma. Per evitare pressioni e intromissioni e per garantire qualit\u00e0 e sostenibilit\u00e0 [&hellip;]<\/p>\n","protected":false},"author":62,"featured_media":0,"comment_status":"open","ping_status":"open","sticky":false,"template":"","format":"standard","meta":{"footnotes":""},"categories":[2310,7],"tags":[],"class_list":["post-260779","post","type-post","status-publish","format-standard","hentry","category-audio","category-cronaca"],"_links":{"self":[{"href":"https:\/\/www.radioluna.it\/news\/wp-json\/wp\/v2\/posts\/260779","targetHints":{"allow":["GET"]}}],"collection":[{"href":"https:\/\/www.radioluna.it\/news\/wp-json\/wp\/v2\/posts"}],"about":[{"href":"https:\/\/www.radioluna.it\/news\/wp-json\/wp\/v2\/types\/post"}],"author":[{"embeddable":true,"href":"https:\/\/www.radioluna.it\/news\/wp-json\/wp\/v2\/users\/62"}],"replies":[{"embeddable":true,"href":"https:\/\/www.radioluna.it\/news\/wp-json\/wp\/v2\/comments?post=260779"}],"version-history":[{"count":0,"href":"https:\/\/www.radioluna.it\/news\/wp-json\/wp\/v2\/posts\/260779\/revisions"}],"wp:attachment":[{"href":"https:\/\/www.radioluna.it\/news\/wp-json\/wp\/v2\/media?parent=260779"}],"wp:term":[{"taxonomy":"category","embeddable":true,"href":"https:\/\/www.radioluna.it\/news\/wp-json\/wp\/v2\/categories?post=260779"},{"taxonomy":"post_tag","embeddable":true,"href":"https:\/\/www.radioluna.it\/news\/wp-json\/wp\/v2\/tags?post=260779"}],"curies":[{"name":"wp","href":"https:\/\/api.w.org\/{rel}","templated":true}]}}