{"id":260908,"date":"2020-01-25T14:12:51","date_gmt":"2020-01-25T13:12:51","guid":{"rendered":"https:\/\/www.radioluna.it\/news\/?p=260908"},"modified":"2020-01-29T08:38:01","modified_gmt":"2020-01-29T07:38:01","slug":"femminili-plurali-irregolari-fa-tappa-a-latina","status":"publish","type":"post","link":"https:\/\/www.radioluna.it\/news\/2020\/01\/femminili-plurali-irregolari-fa-tappa-a-latina\/","title":{"rendered":"Femminili Plurali Irregolari fa tappa a Latina"},"content":{"rendered":"<div id=\"fb-root\"><\/div>\n<p style=\"text-align: justify;\"><strong>LATINA<\/strong> &#8211;\u00a0La violenza di genere che colpisce le donne lesbiche, i bisex e le persone trans, come pure le persone affette da disabilit\u00e0 ha un suo linguaggio e una sua specificit\u00e0 che non sempre viene presa in considerazione. Intorno a questa idea di fondo, ruota il progetto Femminili Plurali Irregolari promosso da Arcigay, La Cicloide e ArtsMedia &#8211; che nella sua fase conclusiva\u00a0 \u201cDiffondere per conoscere\u201d fa tappa a Latina.<\/p>\n<p style=\"text-align: justify;\">La presentazione oggi sabato 25 gennaio alle 11.30 al Gabbiano con una giornata di approfondimento patrocinata dal Comune di Latina alla quale hanno preso parte l&#8217;assessora alle politiche sociali e pari opportunit\u00e0, Patrizia Ciccarelli, la consigliera regionale, Marta Bonafoni\u00a0 e Laura Elke D\u2019Apolito referente e volontaria Aisa Lazio.<\/p>\n<p style=\"text-align: justify;\">La giornata \u00e8 divisa in due momenti: dalle 11.30 alle 13.00 \u00e8 prevista la presentazione della campagna contro la violenza sulle donne lesbiche, bisex, con disabilit\u00e0 e sulle persone trans* La violenza non \u00e8 una storia gi\u00e0 scritta. Insieme facciamo la differenza\u201d (www.femminilipluraliirregolari.it) lanciata in occasione della Giornata internazionale per l\u2019eliminazione della violenza contro le donne.\u00a0 Dalle 14.30 alle 18.00 \u00e8 previsto il laboratorio politico \u201cSexuality &amp; Disalbiliity\u201d sul diritto al piacere delle persone con disabilit\u00e0. Faciliteranno l\u2019incontro Armanda Salvucci ideatrice del progetto Sensuability e Maria Rosaria Malapena delegata ai diritti delle persone con disabilit\u00e0 di Arcigay Napoli.<\/p>\n<p style=\"text-align: justify;\">\u201cC&#8217;\u00e8 una violenza specifica che colpisce le donne lesbiche, bisessuali, donne trans e con disabilit\u00e0 e si manifesta attraverso il rifiuto in seguito al coming out, l\u2019aggressione fisica o la violazione della percezione di uno spazio sicuro; la molestia sessuale o l&#8217;aspettativa di un rapporto sessuale non richiesto o non desiderato; il pregiudizio che ci fa credere che le persone con disabilit\u00e0 non abbiano diritto a una sessualit\u00e0 piena o a una relazione stabile. Noi crediamo che di questo tipo di violenza non se ne parli abbastanza\u201d commenta Natascia Maesi responsabile politiche di genere nella segreteria nazionale di Arcigay. \u201cA Latina abbiamo scelto di portare il tema della sessualit\u00e0 delle persone con disabilit\u00e0, un argomento \u201ctab\u00f9\u201d su cui c\u2019\u00e8 ancora molto imbarazzo e molta ipocrisia. Il dibattito che vogliamo che nasca da questa iniziativa dovrebbe invece farci tendere verso un orizzonte rivendicativo che metta al centro il diritto di ogni persona a vivere la sessualit\u00e0 come fonte di liberazione. La sessualit\u00e0 delle persone con disabilit\u00e0 non \u00e8 un fatto privato, il benessere sessuale ha una dimensione sociale non trascurabile. E\u2019 compito di una societ\u00e0 davvero civile, rimuovere le barriere architettoniche ma anche quelle culturali che impediscono alle persone con disabilit\u00e0 di avere piena cittadinanza\u201d.<\/p>\n<p>Il Comitato SeiComeSei &#8211; Arcigay Latina \u00e8 uno dei motori dell\u2019iniziativa. \u00a0\u201cAbbiamo partecipato con entusiasmo al progetto fpi. Siamo orgogliosi di ospitare la prima tappa. Non \u00e8 mai facile portare questi temi in provincia, ma \u00e8 fondamentale avere il coraggio e la determinazione di farlo\u201d dichiara Maril\u00f9 Nogarotto, presidente dell\u2019associazione. Un particolare ringraziamento va al csv Lazio per il sostegno e l\u2019aiuto nell\u2019organizzazione di questo evento.<\/p>\n<p>Il progetto Femminili Plurali Irregolari proseguir\u00e0 facendo tappa a Mantova il 22 febbraio, a Modena il 28 marzo e a Bari il 18 aprile per parlare di identit\u00e0 invisibili (asessualit\u00e0, bisessualit\u00e0 e pansessualit\u00e0), sex work, interruzione volontaria di gravidanza e gestazione per altri.<\/p>\n","protected":false},"excerpt":{"rendered":"<p>LATINA &#8211;\u00a0La violenza di genere che colpisce le donne lesbiche, i bisex e le persone trans, come pure le persone affette da disabilit\u00e0 ha un suo linguaggio e una sua specificit\u00e0 che non sempre viene presa in considerazione. Intorno a questa idea di fondo, ruota il progetto Femminili Plurali Irregolari promosso da Arcigay, La Cicloide [&hellip;]<\/p>\n","protected":false},"author":60,"featured_media":260909,"comment_status":"open","ping_status":"open","sticky":false,"template":"","format":"standard","meta":{"footnotes":""},"categories":[16],"tags":[],"class_list":["post-260908","post","type-post","status-publish","format-standard","has-post-thumbnail","hentry","category-appuntamenti"],"_links":{"self":[{"href":"https:\/\/www.radioluna.it\/news\/wp-json\/wp\/v2\/posts\/260908","targetHints":{"allow":["GET"]}}],"collection":[{"href":"https:\/\/www.radioluna.it\/news\/wp-json\/wp\/v2\/posts"}],"about":[{"href":"https:\/\/www.radioluna.it\/news\/wp-json\/wp\/v2\/types\/post"}],"author":[{"embeddable":true,"href":"https:\/\/www.radioluna.it\/news\/wp-json\/wp\/v2\/users\/60"}],"replies":[{"embeddable":true,"href":"https:\/\/www.radioluna.it\/news\/wp-json\/wp\/v2\/comments?post=260908"}],"version-history":[{"count":0,"href":"https:\/\/www.radioluna.it\/news\/wp-json\/wp\/v2\/posts\/260908\/revisions"}],"wp:featuredmedia":[{"embeddable":true,"href":"https:\/\/www.radioluna.it\/news\/wp-json\/wp\/v2\/media\/260909"}],"wp:attachment":[{"href":"https:\/\/www.radioluna.it\/news\/wp-json\/wp\/v2\/media?parent=260908"}],"wp:term":[{"taxonomy":"category","embeddable":true,"href":"https:\/\/www.radioluna.it\/news\/wp-json\/wp\/v2\/categories?post=260908"},{"taxonomy":"post_tag","embeddable":true,"href":"https:\/\/www.radioluna.it\/news\/wp-json\/wp\/v2\/tags?post=260908"}],"curies":[{"name":"wp","href":"https:\/\/api.w.org\/{rel}","templated":true}]}}