{"id":260930,"date":"2020-01-29T08:16:38","date_gmt":"2020-01-29T07:16:38","guid":{"rendered":"https:\/\/www.radioluna.it\/news\/?p=260930"},"modified":"2020-01-29T08:37:35","modified_gmt":"2020-01-29T07:37:35","slug":"nando-pagnoncelli-a-latina-presenta-la-penisola-che-non-ce","status":"publish","type":"post","link":"https:\/\/www.radioluna.it\/news\/2020\/01\/nando-pagnoncelli-a-latina-presenta-la-penisola-che-non-ce\/","title":{"rendered":"Nando Pagnoncelli a Latina presenta La Penisola che non c&#8217;\u00e8"},"content":{"rendered":"<div id=\"fb-root\"><\/div>\n<p style=\"text-align: justify;\"><strong>LATINA<\/strong> &#8211; L&#8217;opinione pubblica, il suo peso, ma anche le sue incredibili contraddizioni e i grossolani falsi di cui si nutre, sono protagoniste del libro di <strong>Nando Pagnoncelli <\/strong><em><strong>La Penisola che non c&#8217;\u00e8<\/strong>. <\/em>Il presidente di Ipsos Italia, il pi\u00f9 grande e importante istituto di ricerca e sondaggi in Italia, analista acutissimo, capace di tratteggiare come pochi la societ\u00e0 del\u00a0 2000, presenter\u00e0 <strong>a Latina, gioved\u00ec 30 gennaio, nella Sala De Pasquale del Palazzo Comunale (18,30)<\/strong>, il suo ultimo lavoro (ed Mondadori), un viaggio interessante nel mondo dei sondaggi e quindi delle opinioni degli italiani.<\/p>\n<p style=\"text-align: justify;\">&#8220;Siamo convinti\u00a0 &#8211; spiega Pagnoncelli docente di analisi della pubblica opinione all&#8217;Universit\u00e0 Cattolica del Sacro Cuore &#8211; che un 26% dei residenti nel nostro Paese siano immigrati (dato reale 9%), che il 20% di loro sia di religione islamica (3,7% secondo la Caritas, 2% secondo l\u2019Istat) e che il 48% dei carcerati sia di nazionalit\u00e0 straniera (a fronte del 34% effettivo); percepiamo dunque una vera e propria invasione di extracomunitari musulmani dediti al crimine, tanto da considerare l\u2019immigrazione il maggior flagello nazionale, ma interrogati su quali siano le emergenze da affrontare a livello locale, collochiamo il tema migratorio all\u2019ultimo posto, ben dopo la tutela dell\u2019ambiente. Perch\u00e9 i migranti con cui abbiamo a che fare sono il pizzaiolo sotto casa o la badante dei nostri genitori, persone che \u00abconosciamo\u00bb e giudichiamo buone&#8221;.<\/p>\n<p style=\"text-align: justify;\">Una scarsa conoscenza dei fenomeni che dipende &#8211; sempre secondo l&#8217;esperto &#8211; dall&#8217;<strong>abitudine di &#8220;basare le nostre informazioni sull\u2019immediatezza, su un bisogno di aggiornamento quasi compulsivo ma superficiale<\/strong>, soddisfatto dalla televisione e da internet&#8221;. Di questo si ragioner\u00e0 gioved\u00ec 30 gennaio con l&#8217;autore de <em>La Penisola che non c&#8217;\u00e8.<\/em><\/p>\n<p style=\"text-align: justify;\">In apertura dell&#8217;incontro <strong>porter\u00e0 i suoi saluti il sindaco di Latina Damiano Coletta. Modera il giornalista Vittorio Buongiorno.\u00a0<\/strong><\/p>\n","protected":false},"excerpt":{"rendered":"<p>LATINA &#8211; L&#8217;opinione pubblica, il suo peso, ma anche le sue incredibili contraddizioni e i grossolani falsi di cui si nutre, sono protagoniste del libro di Nando Pagnoncelli La Penisola che non c&#8217;\u00e8. Il presidente di Ipsos Italia, il pi\u00f9 grande e importante istituto di ricerca e sondaggi in Italia, analista acutissimo, capace di tratteggiare [&hellip;]<\/p>\n","protected":false},"author":60,"featured_media":261006,"comment_status":"open","ping_status":"open","sticky":false,"template":"","format":"standard","meta":{"footnotes":""},"categories":[16],"tags":[],"class_list":["post-260930","post","type-post","status-publish","format-standard","has-post-thumbnail","hentry","category-appuntamenti"],"_links":{"self":[{"href":"https:\/\/www.radioluna.it\/news\/wp-json\/wp\/v2\/posts\/260930","targetHints":{"allow":["GET"]}}],"collection":[{"href":"https:\/\/www.radioluna.it\/news\/wp-json\/wp\/v2\/posts"}],"about":[{"href":"https:\/\/www.radioluna.it\/news\/wp-json\/wp\/v2\/types\/post"}],"author":[{"embeddable":true,"href":"https:\/\/www.radioluna.it\/news\/wp-json\/wp\/v2\/users\/60"}],"replies":[{"embeddable":true,"href":"https:\/\/www.radioluna.it\/news\/wp-json\/wp\/v2\/comments?post=260930"}],"version-history":[{"count":0,"href":"https:\/\/www.radioluna.it\/news\/wp-json\/wp\/v2\/posts\/260930\/revisions"}],"wp:featuredmedia":[{"embeddable":true,"href":"https:\/\/www.radioluna.it\/news\/wp-json\/wp\/v2\/media\/261006"}],"wp:attachment":[{"href":"https:\/\/www.radioluna.it\/news\/wp-json\/wp\/v2\/media?parent=260930"}],"wp:term":[{"taxonomy":"category","embeddable":true,"href":"https:\/\/www.radioluna.it\/news\/wp-json\/wp\/v2\/categories?post=260930"},{"taxonomy":"post_tag","embeddable":true,"href":"https:\/\/www.radioluna.it\/news\/wp-json\/wp\/v2\/tags?post=260930"}],"curies":[{"name":"wp","href":"https:\/\/api.w.org\/{rel}","templated":true}]}}