{"id":260964,"date":"2020-01-27T14:44:47","date_gmt":"2020-01-27T13:44:47","guid":{"rendered":"https:\/\/www.radioluna.it\/news\/?p=260964"},"modified":"2020-01-28T08:22:49","modified_gmt":"2020-01-28T07:22:49","slug":"giardino-di-ninfa-si-riparte-a-marzo-nel-centenario-pronto-il-calendario-delle-visite","status":"publish","type":"post","link":"https:\/\/www.radioluna.it\/news\/2020\/01\/giardino-di-ninfa-si-riparte-a-marzo-nel-centenario-pronto-il-calendario-delle-visite\/","title":{"rendered":"Giardino di Ninfa, si riparte a marzo: nel Centenario pronto il calendario delle visite"},"content":{"rendered":"<div id=\"fb-root\"><\/div>\n<p>LATINA &#8211; Nell\u2019anno in cui ricorre il primo secolo dalla sua creazione, il Giardino di Ninfa\u00a0 si prepara alla riapertura. La Fondazione Caetani ha pubblicato in queste ore le nuove date di visita del Monumento Naturale (<a href=\"https:\/\/www.giardinodininfa.eu\/\">per prenotazioni giardinodininfa.eu)<\/a> anticipando in una nota che quest\u2019anno, oltre alla bellezza e alla storia i visitatori troveranno dell&#8217;altro.<\/p>\n<p style=\"text-align: justify;\">&#8220;Questo 2020 sar\u00e0 un anno straordinario &#8211; dice il presidente della Fondazione Tommaso Agnoni &#8211;\u00a0 Le varie iniziative che, oltre il calendario tradizionale, sono state realizzate nel 2019 verranno riproposte anche nei prossimi mesi con una serie di grandi eventi che vedranno la Fondazione Roffredo Caetani in prima linea insieme ad importanti partner. Quest&#8217;anno il Giardino di Ninfa oltre ad essere il giardino pi\u00f9 romantico del mondo, luogo di incanto, di storia, di enorme importanza naturalistica torner\u00e0 ad essere ancora di pi\u00f9 un luogo di ispirazione e di cultura. Ci saranno grandi sorprese ed eventi di caratura internazionale senza mai dimenticare il coinvolgimento del territorio e dei comuni. I visitatori troveranno un giardino come sempre straordinario, avranno la possibilit\u00e0 di vedere l&#8217;antico ingresso alla citt\u00e0 che \u00e8 tornato agibile da qualche mese e di rendersi conto ancora di pi\u00f9 degli interventi di restauro che la Fondazione ha realizzato grazie ai fondi dell&#8217;8 per mille. Un fatto importante perch\u00e9 si tratta di un investimento reso possibile dalla sensibilit\u00e0 di tanti cittadini che hanno dato il loro contributo allo Stato proprio per questo tipo di iniziative. Ci sar\u00e0 molto altro ma avremo l&#8217;occasione di presentarlo ufficialmente nel corso di un evento ad hoc e di parlare delle ragioni per le quali i prossimi mesi e i prossimi anni saranno davvero speciali e serviranno a ribadire l&#8217;importanza della presenza della famiglia Caetani per il territorio della provincia di Latina, per quello del Lazio e per la storia italiana, e del loro impegno, anche attraverso la politica e la cultura, in tutto il mondo\u201d.<\/p>\n<p>LE DATE &#8211; le date ordinarie di apertura del Giardino di Ninfa sono<\/p>\n<p>Marzo: sabato 28 e domenica 29<\/p>\n<p>Aprile:\u00a0sabato 4 e domenica 5, domenica 12 (Pasqua), luned\u00ec 13 (Pasquetta), domenica 19,<\/p>\n<p>sabato 25, domenica 26<\/p>\n<p>Maggio:\u00a0venerd\u00ec 1, sabato 2 e domenica 3, domenica 10, domenica 17, domenica 24,<\/p>\n<p>domenica 31<\/p>\n<p>Giugno:\u00a0marted\u00ec 2, sabato 6 e domenica 7, domenica 21<\/p>\n<p>Luglio:\u00a0sabato 4 e domenica 5, domenica 19<\/p>\n<p>Agosto:\u00a0sabato 1 e domenica 2, sabato 15 (Ferragosto)<\/p>\n<p>Settembre:\u00a0sabato 5 e domenica 6<\/p>\n<p>Ottobre:\u00a0sabato 3 e domenica 4<\/p>\n<p>Novembre:\u00a0domenica 1<\/p>\n<p>Sono previste anche aperture straordinarie che andranno ad integrare il calendario e che verranno comunicate in seguito.<\/p>\n","protected":false},"excerpt":{"rendered":"<p>LATINA &#8211; Nell\u2019anno in cui ricorre il primo secolo dalla sua creazione, il Giardino di Ninfa\u00a0 si prepara alla riapertura. La Fondazione Caetani ha pubblicato in queste ore le nuove date di visita del Monumento Naturale (per prenotazioni giardinodininfa.eu) anticipando in una nota che quest\u2019anno, oltre alla bellezza e alla storia i visitatori troveranno dell&#8217;altro. [&hellip;]<\/p>\n","protected":false},"author":62,"featured_media":260969,"comment_status":"open","ping_status":"open","sticky":false,"template":"","format":"standard","meta":{"footnotes":""},"categories":[12],"tags":[],"class_list":["post-260964","post","type-post","status-publish","format-standard","has-post-thumbnail","hentry","category-ambiente"],"_links":{"self":[{"href":"https:\/\/www.radioluna.it\/news\/wp-json\/wp\/v2\/posts\/260964","targetHints":{"allow":["GET"]}}],"collection":[{"href":"https:\/\/www.radioluna.it\/news\/wp-json\/wp\/v2\/posts"}],"about":[{"href":"https:\/\/www.radioluna.it\/news\/wp-json\/wp\/v2\/types\/post"}],"author":[{"embeddable":true,"href":"https:\/\/www.radioluna.it\/news\/wp-json\/wp\/v2\/users\/62"}],"replies":[{"embeddable":true,"href":"https:\/\/www.radioluna.it\/news\/wp-json\/wp\/v2\/comments?post=260964"}],"version-history":[{"count":0,"href":"https:\/\/www.radioluna.it\/news\/wp-json\/wp\/v2\/posts\/260964\/revisions"}],"wp:featuredmedia":[{"embeddable":true,"href":"https:\/\/www.radioluna.it\/news\/wp-json\/wp\/v2\/media\/260969"}],"wp:attachment":[{"href":"https:\/\/www.radioluna.it\/news\/wp-json\/wp\/v2\/media?parent=260964"}],"wp:term":[{"taxonomy":"category","embeddable":true,"href":"https:\/\/www.radioluna.it\/news\/wp-json\/wp\/v2\/categories?post=260964"},{"taxonomy":"post_tag","embeddable":true,"href":"https:\/\/www.radioluna.it\/news\/wp-json\/wp\/v2\/tags?post=260964"}],"curies":[{"name":"wp","href":"https:\/\/api.w.org\/{rel}","templated":true}]}}