{"id":260994,"date":"2020-01-28T08:08:59","date_gmt":"2020-01-28T07:08:59","guid":{"rendered":"https:\/\/www.radioluna.it\/news\/?p=260994"},"modified":"2020-01-29T11:11:28","modified_gmt":"2020-01-29T10:11:28","slug":"giuseppe-mattia-duilio-e-gli-altri-deportati-pontini-insigniti-della-medaglia","status":"publish","type":"post","link":"https:\/\/www.radioluna.it\/news\/2020\/01\/giuseppe-mattia-duilio-e-gli-altri-deportati-pontini-insigniti-della-medaglia\/","title":{"rendered":"Giuseppe, Mattia, Duilio e gli altri deportati pontini insigniti della Medaglia"},"content":{"rendered":"<div id=\"fb-root\"><\/div>\n<p style=\"text-align: justify;\"><strong>LATINA<\/strong> &#8211; Le storie della persecuzione nazifascista sono anche le nostre, quelle locali, ricordate ieri in occasione della <strong>Giornata della Memoria celebrato dalla Prefettura al Teatro Ponchielli con le scuole.<\/strong> Sono anche\u00a0 quelle dei sette pontini insigniti ieri della <strong>Medaglia al Valore del Presidente della Repubblica,<\/strong> perch\u00e9 internati nei lager e nei campi di lavoro: <strong>Giuseppe Pinotti di Pontinia, Mattia D&#8217;Angelo e Duilio Colantonio di Aprilia, \u00a0Salvatore Di Tucci, Guido Invinto e Francesco Salemme di Gaeta, tutti i deportati in Germania tra il &#8217;43 e il &#8217;45<\/strong>, e le cui famiglie hanno ritirato l&#8217;alto riconoscimento.<\/p>\n<p style=\"text-align: justify;\">Toccante la cerimonia, grazie al contributo dei r<strong>agazzi dell&#8217;Istituto Comprensivo Volta<\/strong> che hanno lavorato sul tema della Memoria e studiato la Shoa, proponendo <strong>canti, musiche, letture e l&#8217;interpretazione teatrale delle storie dei bambini di religione ebraica<\/strong> che per sopravvivere si nascosero nei posti pi\u00f9 disparati e sotto false identit\u00e0. <strong>Gli studenti del Manzoni con il loro <em>Perch\u00e9?<\/em><\/strong> hanno invece voluto sottolineare l&#8217;impossibilit\u00e0 di dare spiegazione all&#8217;orrore dell&#8217;Olocausto.<\/p>\n<p style=\"text-align: justify;\">Rivolgendosi ai ragazzi delle scuole, ma anche agli adulti presenti,<strong> il Prefetto Maria Rosa Trio<\/strong> ha ricordato il senso profondo del valore della memoria &#8220;<strong>perch\u00e9 ogni giorno giorno\u00a0 &#8211; ha detto &#8211; sia quello buono per abbattere nuovamente i cancelli di Aushwitz, per sfondare le barriere dell\u2019odio e combattere il seme della discriminazione che si manifesta in forme sempre nuove<\/strong>&#8220;.<\/p>\n","protected":false},"excerpt":{"rendered":"<p>LATINA &#8211; Le storie della persecuzione nazifascista sono anche le nostre, quelle locali, ricordate ieri in occasione della Giornata della Memoria celebrato dalla Prefettura al Teatro Ponchielli con le scuole. Sono anche\u00a0 quelle dei sette pontini insigniti ieri della Medaglia al Valore del Presidente della Repubblica, perch\u00e9 internati nei lager e nei campi di lavoro: [&hellip;]<\/p>\n","protected":false},"author":62,"featured_media":260995,"comment_status":"open","ping_status":"open","sticky":false,"template":"","format":"gallery","meta":{"footnotes":""},"categories":[735],"tags":[],"class_list":["post-260994","post","type-post","status-publish","format-gallery","has-post-thumbnail","hentry","category-attualita","post_format-post-format-gallery"],"_links":{"self":[{"href":"https:\/\/www.radioluna.it\/news\/wp-json\/wp\/v2\/posts\/260994","targetHints":{"allow":["GET"]}}],"collection":[{"href":"https:\/\/www.radioluna.it\/news\/wp-json\/wp\/v2\/posts"}],"about":[{"href":"https:\/\/www.radioluna.it\/news\/wp-json\/wp\/v2\/types\/post"}],"author":[{"embeddable":true,"href":"https:\/\/www.radioluna.it\/news\/wp-json\/wp\/v2\/users\/62"}],"replies":[{"embeddable":true,"href":"https:\/\/www.radioluna.it\/news\/wp-json\/wp\/v2\/comments?post=260994"}],"version-history":[{"count":0,"href":"https:\/\/www.radioluna.it\/news\/wp-json\/wp\/v2\/posts\/260994\/revisions"}],"wp:featuredmedia":[{"embeddable":true,"href":"https:\/\/www.radioluna.it\/news\/wp-json\/wp\/v2\/media\/260995"}],"wp:attachment":[{"href":"https:\/\/www.radioluna.it\/news\/wp-json\/wp\/v2\/media?parent=260994"}],"wp:term":[{"taxonomy":"category","embeddable":true,"href":"https:\/\/www.radioluna.it\/news\/wp-json\/wp\/v2\/categories?post=260994"},{"taxonomy":"post_tag","embeddable":true,"href":"https:\/\/www.radioluna.it\/news\/wp-json\/wp\/v2\/tags?post=260994"}],"curies":[{"name":"wp","href":"https:\/\/api.w.org\/{rel}","templated":true}]}}