{"id":261023,"date":"2020-01-28T12:28:28","date_gmt":"2020-01-28T11:28:28","guid":{"rendered":"https:\/\/www.radioluna.it\/news\/?p=261023"},"modified":"2020-01-28T12:28:28","modified_gmt":"2020-01-28T11:28:28","slug":"internazionalizzazione-corso-gratuito-in-cna-latina","status":"publish","type":"post","link":"https:\/\/www.radioluna.it\/news\/2020\/01\/internazionalizzazione-corso-gratuito-in-cna-latina\/","title":{"rendered":"Internazionalizzazione, corso gratuito in Cna Latina"},"content":{"rendered":"<div id=\"fb-root\"><\/div>\n<p style=\"text-align: justify;\"><strong>LATINA &#8211;<\/strong> <strong>L\u2019Ice -Agenzia per la promozione all\u2019estero e l\u2019internazionalizzazione delle imprese italiane\u00a0 &#8211; organizza, in collaborazione con Cna Latina nell\u2019ambito del Progetto Roadshow per l\u2019internazionalizzazione, un percorso formativo destinato alle micro e PMI sugli aspetti fondamentali da considerare per avviare con successo un processo di internazionalizzazione.<\/strong><\/p>\n<p style=\"text-align: justify;\">Internazionalizzarsi\u00a0 &#8211; per Antonello Testa, direttore di CNA Latina &#8211;\u00a0 \u00e8 una grande opportunit\u00e0 e, in un momento di stagnazione del mercato interno, \u00e8 anche una necessit\u00e0 per le PMI che vogliano aumentare il loro volume di affari. Con questa convinzione, prosegue lo stesso, stiamo collaborando con l&#8217;Agenzia del commercio estero per offrire una concreta opportunit\u00e0 di sviluppo alle nostre imprese.<\/p>\n<p style=\"text-align: justify;\"><strong>Il seminario formativo si svolger\u00e0 mercoled\u00ec 29 gennaio, dalle 9:00 alle 16:30, presso la Sala Conferenze di CNA LATINA e la partecipazione \u00e8 gratuita.<\/strong> Partecipando all&#8217; incontro le imprese avranno l\u2019opportunit\u00e0 di sviluppare conoscenze e competenze tecnico-manageriali utili ad accrescere il loro business e la loro competitivit\u00e0 sui mercati esteri. Inoltre, ad un massimo di 15 aziende tra quelle partecipanti, \u00e8 data la possibilit\u00e0 di accedere ad un servizio di assistenza personalizzata individuale (21 ore per ogni azienda), finalizzato ad impostare le premesse per avviare un\u2019attivit\u00e0 sui mercati esteri. La consulenza personalizzata del valore di circa 3.000,00 euro \u00e8 sottoposta a regime de minimis.<\/p>\n<p style=\"text-align: justify;\">T<strong>ra gli argomenti in programma saranno affrontate le tematiche fondamentali del marketing per l\u2019export<\/strong> con l\u2019obiettivo di fornire un vademecum su come prepararsi per affrontare i mercati esteri, analizzandone criticit\u00e0 e prospettive.<\/p>\n<p style=\"text-align: justify;\"><strong>CHE COSA E&#8217; ICE AGENZIA<\/strong> &#8211; L\u2019ICE-Agenzia per la promozione all\u2019estero e l\u2019internazionalizzazione delle imprese italiane \u00e8 l\u2019organismo attraverso cui il Governo favorisce il consolidamento e lo sviluppo economico-commerciale delle nostre imprese sui mercati esteri. Agisce, inoltre, quale soggetto incaricato di promuovere l\u2019attrazione degli investimenti esteri in Italia. Svolge attivit\u00e0 di informazione, assistenza, consulenza, promozione e formazione alle piccole e medie imprese italiane<\/p>\n","protected":false},"excerpt":{"rendered":"<p>LATINA &#8211; L\u2019Ice -Agenzia per la promozione all\u2019estero e l\u2019internazionalizzazione delle imprese italiane\u00a0 &#8211; organizza, in collaborazione con Cna Latina nell\u2019ambito del Progetto Roadshow per l\u2019internazionalizzazione, un percorso formativo destinato alle micro e PMI sugli aspetti fondamentali da considerare per avviare con successo un processo di internazionalizzazione. Internazionalizzarsi\u00a0 &#8211; per Antonello Testa, direttore di CNA [&hellip;]<\/p>\n","protected":false},"author":60,"featured_media":261024,"comment_status":"open","ping_status":"open","sticky":false,"template":"","format":"standard","meta":{"footnotes":""},"categories":[16],"tags":[],"class_list":["post-261023","post","type-post","status-publish","format-standard","has-post-thumbnail","hentry","category-appuntamenti"],"_links":{"self":[{"href":"https:\/\/www.radioluna.it\/news\/wp-json\/wp\/v2\/posts\/261023","targetHints":{"allow":["GET"]}}],"collection":[{"href":"https:\/\/www.radioluna.it\/news\/wp-json\/wp\/v2\/posts"}],"about":[{"href":"https:\/\/www.radioluna.it\/news\/wp-json\/wp\/v2\/types\/post"}],"author":[{"embeddable":true,"href":"https:\/\/www.radioluna.it\/news\/wp-json\/wp\/v2\/users\/60"}],"replies":[{"embeddable":true,"href":"https:\/\/www.radioluna.it\/news\/wp-json\/wp\/v2\/comments?post=261023"}],"version-history":[{"count":0,"href":"https:\/\/www.radioluna.it\/news\/wp-json\/wp\/v2\/posts\/261023\/revisions"}],"wp:featuredmedia":[{"embeddable":true,"href":"https:\/\/www.radioluna.it\/news\/wp-json\/wp\/v2\/media\/261024"}],"wp:attachment":[{"href":"https:\/\/www.radioluna.it\/news\/wp-json\/wp\/v2\/media?parent=261023"}],"wp:term":[{"taxonomy":"category","embeddable":true,"href":"https:\/\/www.radioluna.it\/news\/wp-json\/wp\/v2\/categories?post=261023"},{"taxonomy":"post_tag","embeddable":true,"href":"https:\/\/www.radioluna.it\/news\/wp-json\/wp\/v2\/tags?post=261023"}],"curies":[{"name":"wp","href":"https:\/\/api.w.org\/{rel}","templated":true}]}}