{"id":261027,"date":"2020-01-28T12:40:59","date_gmt":"2020-01-28T11:40:59","guid":{"rendered":"https:\/\/www.radioluna.it\/news\/?p=261027"},"modified":"2020-01-28T12:50:13","modified_gmt":"2020-01-28T11:50:13","slug":"nati-per-leggere-a-sabaudia-un-corso-per-diventare-volontari","status":"publish","type":"post","link":"https:\/\/www.radioluna.it\/news\/2020\/01\/nati-per-leggere-a-sabaudia-un-corso-per-diventare-volontari\/","title":{"rendered":"Nati per leggere, a Sabaudia un corso per diventare volontari"},"content":{"rendered":"<div id=\"fb-root\"><\/div>\n<p style=\"text-align: justify;\"><strong>SABAUDIA<\/strong> &#8211; Diventare volontari del progetto Nati per Leggere, il programma nazionale finalizzato alla promozione della lettura fin dalla nascita, cui Sabaudia ha aderito ufficialmente con la firma del protocollo d\u2019intesa tra Comune, Nati per Leggere (NpL) e Asl. Lo si potr\u00e0 fare\u00a0 partecipando ad un corso di formazione che si terr\u00e0 il 14 e 15 febbraio 2020 (venerd\u00ec 14:00-18:00 e sabato 9:00-18:00) presso la biblioteca comunale Feliciano Iannella.<\/p>\n<p style=\"text-align: justify;\">&#8220;Lo scopo del corso\u00a0 &#8211; spiegano gli organizzatori &#8211; \u00e8 di garantire la qualit\u00e0 e l&#8217;uniformit\u00e0 dell&#8217;operato dei partecipanti alla rete interdisciplinare NpL su tutto il territorio nazionale.\u00a0 La formazione \u00e8 organizzata dalla Segreteria Nazionale NpL in accordo con i referenti locali. E&#8217; possibile iscriversi solamente ai corsi organizzati nella propria zona di riferimento, per cui questo corso \u00e8 innanzitutto indirizzato a chi vive o abitualmente svolge la propria attivit\u00e0 lavorativa a Sabaudia, ma possono essere inviate candidature esterne qualora ci fosse la possibilit\u00e0 di soddisfare tale richiesta&#8221;.<\/p>\n<p style=\"text-align: justify;\">Oltre a illustrare nel dettaglio il progetto, le sue finalit\u00e0 e i diversi attori, durante il corso gli allievi apprenderanno quali sono i benefici della lettura per il bambino nelle varie fasi di sviluppo (dalla nascita ai 6 anni),\u00a0 quali sono i libri pi\u00f9 adatti e come selezionarli; familiarizzeranno con i principi della comunicazione efficace; apprenderanno le modalit\u00e0 di lavoro in rete e l&#8217;organizzazione dei presidi territoriali NpL.<\/p>\n<p style=\"text-align: justify;\">L&#8217;erogazione dei corsi \u00e8 affidata al CSB &#8211; Centro Salute del Bambino.<br \/>\nAl termine dei corsi viene rilasciato un attestato di partecipazione che abilita ad operare sul territorio nell&#8217;ambito del Programma NpL.<br \/>\nLe iscrizioni chiudono il 3 febbraio.<\/p>\n<p>Per iscriversi<br \/>\n<a href=\"http:\/\/www.natiperleggere.it\/formazione-volontari-npl.html\">http:\/\/www.natiperleggere.it\/formazione-volontari-npl.html<\/a><\/p>\n","protected":false},"excerpt":{"rendered":"<p>SABAUDIA &#8211; Diventare volontari del progetto Nati per Leggere, il programma nazionale finalizzato alla promozione della lettura fin dalla nascita, cui Sabaudia ha aderito ufficialmente con la firma del protocollo d\u2019intesa tra Comune, Nati per Leggere (NpL) e Asl. Lo si potr\u00e0 fare\u00a0 partecipando ad un corso di formazione che si terr\u00e0 il 14 e [&hellip;]<\/p>\n","protected":false},"author":62,"featured_media":261028,"comment_status":"open","ping_status":"open","sticky":false,"template":"","format":"standard","meta":{"footnotes":""},"categories":[735],"tags":[],"class_list":["post-261027","post","type-post","status-publish","format-standard","has-post-thumbnail","hentry","category-attualita"],"_links":{"self":[{"href":"https:\/\/www.radioluna.it\/news\/wp-json\/wp\/v2\/posts\/261027","targetHints":{"allow":["GET"]}}],"collection":[{"href":"https:\/\/www.radioluna.it\/news\/wp-json\/wp\/v2\/posts"}],"about":[{"href":"https:\/\/www.radioluna.it\/news\/wp-json\/wp\/v2\/types\/post"}],"author":[{"embeddable":true,"href":"https:\/\/www.radioluna.it\/news\/wp-json\/wp\/v2\/users\/62"}],"replies":[{"embeddable":true,"href":"https:\/\/www.radioluna.it\/news\/wp-json\/wp\/v2\/comments?post=261027"}],"version-history":[{"count":0,"href":"https:\/\/www.radioluna.it\/news\/wp-json\/wp\/v2\/posts\/261027\/revisions"}],"wp:featuredmedia":[{"embeddable":true,"href":"https:\/\/www.radioluna.it\/news\/wp-json\/wp\/v2\/media\/261028"}],"wp:attachment":[{"href":"https:\/\/www.radioluna.it\/news\/wp-json\/wp\/v2\/media?parent=261027"}],"wp:term":[{"taxonomy":"category","embeddable":true,"href":"https:\/\/www.radioluna.it\/news\/wp-json\/wp\/v2\/categories?post=261027"},{"taxonomy":"post_tag","embeddable":true,"href":"https:\/\/www.radioluna.it\/news\/wp-json\/wp\/v2\/tags?post=261027"}],"curies":[{"name":"wp","href":"https:\/\/api.w.org\/{rel}","templated":true}]}}